{"id":282212,"date":"2016-08-03T00:02:33","date_gmt":"2016-08-03T05:02:33","guid":{"rendered":"http:\/\/www.diarioimagen.net\/?p=282212"},"modified":"2016-08-03T03:38:17","modified_gmt":"2016-08-03T08:38:17","slug":"agilizaran-pago-por-averias-por-baches-en-cdmx","status":"publish","type":"post","link":"https:\/\/www.diarioimagen.net\/?p=282212","title":{"rendered":"Agilizar\u00e1n pago por aver\u00edas por baches en CDMX"},"content":{"rendered":"<ul>\n<li><strong><em>En septiembre, nuevo mecanismo<\/em><\/strong><\/li>\n<\/ul>\n<p>&nbsp;<\/p>\n<p><a href=\"http:\/\/www.diarioimagen.net\/?attachment_id=282302\" rel=\"attachment wp-att-282302\"><img loading=\"lazy\" decoding=\"async\" class=\"aligncenter size-large wp-image-282302\" src=\"http:\/\/www.diarioimagen.net\/wp-content\/uploads\/2016\/08\/app-2924-1-420x236.jpg\" alt=\"app-2924\" width=\"420\" height=\"236\" srcset=\"https:\/\/www.diarioimagen.net\/wp-content\/uploads\/2016\/08\/app-2924-1-420x236.jpg 420w, https:\/\/www.diarioimagen.net\/wp-content\/uploads\/2016\/08\/app-2924-1-240x135.jpg 240w, https:\/\/www.diarioimagen.net\/wp-content\/uploads\/2016\/08\/app-2924-1-768x432.jpg 768w, https:\/\/www.diarioimagen.net\/wp-content\/uploads\/2016\/08\/app-2924-1-480x270.jpg 480w, https:\/\/www.diarioimagen.net\/wp-content\/uploads\/2016\/08\/app-2924-1-235x132.jpg 235w, https:\/\/www.diarioimagen.net\/wp-content\/uploads\/2016\/08\/app-2924-1-202x114.jpg 202w, https:\/\/www.diarioimagen.net\/wp-content\/uploads\/2016\/08\/app-2924-1-350x196.jpg 350w, https:\/\/www.diarioimagen.net\/wp-content\/uploads\/2016\/08\/app-2924-1-220x123.jpg 220w, https:\/\/www.diarioimagen.net\/wp-content\/uploads\/2016\/08\/app-2924-1-237x132.jpg 237w, https:\/\/www.diarioimagen.net\/wp-content\/uploads\/2016\/08\/app-2924-1.jpg 960w\" sizes=\"auto, (max-width: 420px) 100vw, 420px\" \/><\/a><\/p>\n<p>&nbsp;<\/p>\n<p>&nbsp;<\/p>\n<p>El jefe de gobierno, Miguel \u00c1ngel Mancera Espinosa, instruy\u00f3 a la Secretar\u00eda de Obras y Servicios (Sobse) para dar a conocer en septiembre el nuevo mecanismo para tramitar de manera \u00e1gil el pago por las aver\u00edas que se pudieran sufrir por alg\u00fan bache en v\u00edas primarias de la Ciudad de la M\u00e9xico.<\/p>\n<p>La ma\u00f1ana de ayer martes Mancera Espinosa present\u00f3 la aplicaci\u00f3n Bache24, con la que los ciudadanos podr\u00e1n reportar un bache y ser\u00e1 atendido en un plazo de 24 horas.<\/p>\n<p>Mediante un sistema de captura, monitoreo y supervisi\u00f3n se dar\u00e1 seguimiento a las solicitudes de bacheo en la red vial primaria, integrada por 169 vialidades, incluidos los ejes viales, calzadas, avenidas principales, as\u00ed como v\u00edas de acceso a la ciudad.<\/p>\n<p>Con una inversi\u00f3n de 250 millones de pesos y un despliegue de 29 brigadas de bacheo, el gobierno local atender\u00e1 en menos de un d\u00eda los reportes que la ciudadan\u00eda emita en la aplicaci\u00f3n m\u00f3vil Bache24.<\/p>\n<p>Mancera Espinosa explic\u00f3 que se dar\u00e1 respuesta a los reportes de baches que se encuentren en v\u00edas primarias de la capital del pa\u00eds y en caso de que esas afectaciones est\u00e9n en v\u00edas secundarias se canalizar\u00e1 el reporte ciudadano a la delegaci\u00f3n correspondiente.<\/p>\n<p>Para hacer m\u00e1s eficiente el funcionamiento de la aplicaci\u00f3n instruy\u00f3 al director general de Servicios Urbanos de la Sobse, Jaime Slomianski Aguilar, para que se de a conocer el septiembre el nuevo mecanismo para tramitar de manera \u00e1gil el pago por las aver\u00edas que se pudieran sufrir por alg\u00fan bache en v\u00edas primarias.<\/p>\n<p>Reconoci\u00f3 que ese problema es uno de los reclamos m\u00e1s sentidos de la ciudadan\u00eda, porque si bien los primeros afectados ser\u00edan los automovilistas, tambi\u00e9n lo podr\u00eda ser el transporte p\u00fablico lo que, a su vez, perjudicar\u00eda la movilidad de millones de capitalinos.<\/p>\n<p>El jefe de gobierno subray\u00f3 que ese esfuerzo busca tener una ciudad m\u00e1s habitable y segura en la convivencia en el tr\u00e1fico rodado, pero tambi\u00e9n para los peatones, porque se trata de una estrategia integral.<\/p>\n<p>A trav\u00e9s de la aplicaci\u00f3n, el usuario necesita registrarse mediante Facebook, Twitter o un correo electr\u00f3nico, posteriormente se despliega un mapa con tu ubicaci\u00f3n y se deber\u00e1 se\u00f1alar la posici\u00f3n del desperfecto.<\/p>\n<p>La direcci\u00f3n se llenar\u00e1 de manera autom\u00e1tica y brinda la opci\u00f3n al ciudadano de escribir comentarios y referencias del lugar, as\u00ed como subir hasta cuatro fotograf\u00edas por reporte.<\/p>\n<p>En un tiempo menor a 24 horas se enviar\u00e1 un reporte a la persona que levant\u00f3 la solicitud.<\/p>\n<p>La aplicaci\u00f3n se puede descargar de manera gratuita en Google Play o en la App Store y funciona para los sistemas operativos Android e iOS.<\/p>\n","protected":false},"excerpt":{"rendered":"<p>El jefe de gobierno, Miguel \u00c1ngel Mancera Espinosa, instruy\u00f3 a la Secretar\u00eda de Obras y Servicios (Sobse) para dar a conocer en septiembre el nuevo mecanismo para tramitar de manera \u00e1gil el pago por las aver\u00edas que se pudieran sufrir por alg\u00fan bache en v\u00edas primarias de la Ciudad de la M\u00e9xico.<\/p>\n","protected":false},"author":3,"featured_media":282302,"comment_status":"open","ping_status":"open","sticky":false,"template":"","format":"standard","meta":{"_monsterinsights_skip_tracking":false,"_monsterinsights_sitenote_active":false,"_monsterinsights_sitenote_note":"","_monsterinsights_sitenote_category":0,"footnotes":""},"categories":[6],"tags":[204,18874],"class_list":["post-282212","post","type-post","status-publish","format-standard","has-post-thumbnail","hentry","category-cd-de-mexico","tag-ciudad-de-mexico","tag-pago"],"_links":{"self":[{"href":"https:\/\/www.diarioimagen.net\/index.php?rest_route=\/wp\/v2\/posts\/282212","targetHints":{"allow":["GET"]}}],"collection":[{"href":"https:\/\/www.diarioimagen.net\/index.php?rest_route=\/wp\/v2\/posts"}],"about":[{"href":"https:\/\/www.diarioimagen.net\/index.php?rest_route=\/wp\/v2\/types\/post"}],"author":[{"embeddable":true,"href":"https:\/\/www.diarioimagen.net\/index.php?rest_route=\/wp\/v2\/users\/3"}],"replies":[{"embeddable":true,"href":"https:\/\/www.diarioimagen.net\/index.php?rest_route=%2Fwp%2Fv2%2Fcomments&post=282212"}],"version-history":[{"count":0,"href":"https:\/\/www.diarioimagen.net\/index.php?rest_route=\/wp\/v2\/posts\/282212\/revisions"}],"wp:featuredmedia":[{"embeddable":true,"href":"https:\/\/www.diarioimagen.net\/index.php?rest_route=\/wp\/v2\/media\/282302"}],"wp:attachment":[{"href":"https:\/\/www.diarioimagen.net\/index.php?rest_route=%2Fwp%2Fv2%2Fmedia&parent=282212"}],"wp:term":[{"taxonomy":"category","embeddable":true,"href":"https:\/\/www.diarioimagen.net\/index.php?rest_route=%2Fwp%2Fv2%2Fcategories&post=282212"},{"taxonomy":"post_tag","embeddable":true,"href":"https:\/\/www.diarioimagen.net\/index.php?rest_route=%2Fwp%2Fv2%2Ftags&post=282212"}],"curies":[{"name":"wp","href":"https:\/\/api.w.org\/{rel}","templated":true}]}}