{"id":282426,"date":"2016-08-04T00:03:07","date_gmt":"2016-08-04T05:03:07","guid":{"rendered":"http:\/\/www.diarioimagen.net\/?p=282426"},"modified":"2016-08-05T01:30:48","modified_gmt":"2016-08-05T06:30:48","slug":"inaceptable-suspension-de-pagos-de-empresas","status":"publish","type":"post","link":"https:\/\/www.diarioimagen.net\/?p=282426","title":{"rendered":"Inaceptable, suspensi\u00f3n de pagos de empresas"},"content":{"rendered":"<ul>\n<li><strong><em>Advierte IMSS<\/em><\/strong><\/li>\n<\/ul>\n<p>&nbsp;<\/p>\n<div id=\"attachment_282555\" style=\"width: 430px\" class=\"wp-caption aligncenter\"><a href=\"http:\/\/www.diarioimagen.net\/?attachment_id=282555\" rel=\"attachment wp-att-282555\"><img loading=\"lazy\" decoding=\"async\" aria-describedby=\"caption-attachment-282555\" class=\"size-large wp-image-282555\" src=\"http:\/\/www.diarioimagen.net\/wp-content\/uploads\/2016\/08\/imss-2925-420x236.jpg\" alt=\"El director general del IMSS, Mikel Arriola, advierte de multas.\" width=\"420\" height=\"236\" srcset=\"https:\/\/www.diarioimagen.net\/wp-content\/uploads\/2016\/08\/imss-2925-420x236.jpg 420w, https:\/\/www.diarioimagen.net\/wp-content\/uploads\/2016\/08\/imss-2925-240x135.jpg 240w, https:\/\/www.diarioimagen.net\/wp-content\/uploads\/2016\/08\/imss-2925-235x132.jpg 235w, https:\/\/www.diarioimagen.net\/wp-content\/uploads\/2016\/08\/imss-2925-202x114.jpg 202w, https:\/\/www.diarioimagen.net\/wp-content\/uploads\/2016\/08\/imss-2925-350x196.jpg 350w, https:\/\/www.diarioimagen.net\/wp-content\/uploads\/2016\/08\/imss-2925-220x123.jpg 220w, https:\/\/www.diarioimagen.net\/wp-content\/uploads\/2016\/08\/imss-2925-237x132.jpg 237w, https:\/\/www.diarioimagen.net\/wp-content\/uploads\/2016\/08\/imss-2925.jpg 480w\" sizes=\"auto, (max-width: 420px) 100vw, 420px\" \/><\/a><p id=\"caption-attachment-282555\" class=\"wp-caption-text\">El director general del IMSS, Mikel Arriola, advierte de multas.<\/p><\/div>\n<p>&nbsp;<\/p>\n<p>En respuesta a los empresarios que anunciaron que presentar\u00e1n en \u201cceros\u201d sus declaraciones de impuestos, el director general del IMSS, Mikel Arriola, se\u00f1al\u00f3 que ese anuncio es inaceptable y les advirti\u00f3 a los emprendedores que ello s\u00f3lo provocar\u00eda actos de autoridad, como son la imposici\u00f3n de multas y sanciones previstas por la ley.<\/p>\n<p>Les record\u00f3 que el IMSS depende de la recaudaci\u00f3n de las cuotas obrero-patronales y con ello garantiza la prestaci\u00f3n de servicios m\u00e9dicos y el cumplimiento de sus obligaciones con los trabajadores, por lo que no existe en la ley ninguna previsi\u00f3n en cuanto al pago o retraso de sus aportaciones.<\/p>\n<p>Tambi\u00e9n advirti\u00f3, que tanto el IMSS como el SAT tienen facultades para multar y sancionar esas conductas y haciendo una analog\u00eda, se\u00f1al\u00f3 que se atiende a 70 millones de derechohabientes, a los que no se puede dejar sin servicio y de pensiones se pagan 70 mil millones de pesos, que no se pueden diferir.<\/p>\n<p style=\"text-align: center;\"><strong>PRI y PRD salen al paso<\/strong><\/p>\n<p>Simut\u00e1neamente, PRI y PRD respondieron a la amenaza empresarial de presentar en ceros sus declaraciones, y Alejandra Barrales, dirigente del sol azteca, pidi\u00f3 a los empresarios descartar protestas y crispaciones que atenten contra la convivencia arm\u00f3nica.<\/p>\n<p>Dijo que si empezamos a manejar estas l\u00edneas, de que si no se respeta la ley para unos, tampoco para otros, es como retornar a la prehistoria y la barbarie y de eso no se trata; \u201csomos un pa\u00eds civilizado y es lamentable escuchar al empresariado hacer un llamado para que la ley no se cumpla\u201d.<\/p>\n<p>Por su parte, C\u00e9sar Camacho, ex presidente nacional del PRI, dijo que el llamado de los empresarios es jur\u00eddicamente inviable y que el amparo promovido ante la Suprema Corte de Justicia de la Naci\u00f3n es s\u00f3lo un planteamiento pol\u00edtico revestido con argumentos jur\u00eddicos, que no prosperar\u00e1.<\/p>\n<p>Pidi\u00f3 esperar los frutos del di\u00e1logo, porque admiti\u00f3 que se trata de un problema complejo en el que el gobierno hace su mejor esfuerzo para resolver el conflicto.<\/p>\n<p>&nbsp;<\/p>\n","protected":false},"excerpt":{"rendered":"<p>En respuesta a los empresarios que anunciaron que presentar\u00e1n en \u201cceros\u201d sus declaraciones de impuestos, el director general del IMSS, Mikel Arriola, se\u00f1al\u00f3 que ese anuncio es inaceptable y les advirti\u00f3 a los emprendedores que ello s\u00f3lo provocar\u00eda actos de autoridad, como son la imposici\u00f3n de multas y sanciones previstas por la ley.<\/p>\n","protected":false},"author":3,"featured_media":282555,"comment_status":"open","ping_status":"open","sticky":false,"template":"","format":"standard","meta":{"_monsterinsights_skip_tracking":false,"_monsterinsights_sitenote_active":false,"_monsterinsights_sitenote_note":"","_monsterinsights_sitenote_category":0,"footnotes":""},"categories":[3],"tags":[5226,257],"class_list":["post-282426","post","type-post","status-publish","format-standard","has-post-thumbnail","hentry","category-nacional","tag-empresas","tag-imss"],"_links":{"self":[{"href":"https:\/\/www.diarioimagen.net\/index.php?rest_route=\/wp\/v2\/posts\/282426","targetHints":{"allow":["GET"]}}],"collection":[{"href":"https:\/\/www.diarioimagen.net\/index.php?rest_route=\/wp\/v2\/posts"}],"about":[{"href":"https:\/\/www.diarioimagen.net\/index.php?rest_route=\/wp\/v2\/types\/post"}],"author":[{"embeddable":true,"href":"https:\/\/www.diarioimagen.net\/index.php?rest_route=\/wp\/v2\/users\/3"}],"replies":[{"embeddable":true,"href":"https:\/\/www.diarioimagen.net\/index.php?rest_route=%2Fwp%2Fv2%2Fcomments&post=282426"}],"version-history":[{"count":0,"href":"https:\/\/www.diarioimagen.net\/index.php?rest_route=\/wp\/v2\/posts\/282426\/revisions"}],"wp:featuredmedia":[{"embeddable":true,"href":"https:\/\/www.diarioimagen.net\/index.php?rest_route=\/wp\/v2\/media\/282555"}],"wp:attachment":[{"href":"https:\/\/www.diarioimagen.net\/index.php?rest_route=%2Fwp%2Fv2%2Fmedia&parent=282426"}],"wp:term":[{"taxonomy":"category","embeddable":true,"href":"https:\/\/www.diarioimagen.net\/index.php?rest_route=%2Fwp%2Fv2%2Fcategories&post=282426"},{"taxonomy":"post_tag","embeddable":true,"href":"https:\/\/www.diarioimagen.net\/index.php?rest_route=%2Fwp%2Fv2%2Ftags&post=282426"}],"curies":[{"name":"wp","href":"https:\/\/api.w.org\/{rel}","templated":true}]}}