{"id":282666,"date":"2016-01-05T00:06:15","date_gmt":"2016-01-05T06:06:15","guid":{"rendered":"http:\/\/www.diarioimagen.net\/?p=282666"},"modified":"2016-08-05T05:05:28","modified_gmt":"2016-08-05T10:05:28","slug":"aprueban-comisiones-exhorto-para-promover-espacios-verdes","status":"publish","type":"post","link":"https:\/\/www.diarioimagen.net\/?p=282666","title":{"rendered":"Aprueban comisiones exhorto para promover espacios verdes"},"content":{"rendered":"<ul>\n<li><strong><em>Legislatura mexiquense<\/em><\/strong><\/li>\n<\/ul>\n<p>&nbsp;<\/p>\n<p>&nbsp;<\/p>\n<div id=\"attachment_282748\" style=\"width: 430px\" class=\"wp-caption aligncenter\"><a href=\"http:\/\/www.diarioimagen.net\/?attachment_id=282748\" rel=\"attachment wp-att-282748\"><img loading=\"lazy\" decoding=\"async\" aria-describedby=\"caption-attachment-282748\" class=\"size-large wp-image-282748\" src=\"http:\/\/www.diarioimagen.net\/wp-content\/uploads\/2016\/01\/LEGISLATURA-2926-420x236.jpg\" alt=\"Las comisiones de Legislaci\u00f3n y Administraci\u00f3n Municipal y de Protecci\u00f3n Ambiental y Cambio Clim\u00e1tico de la 59 Legislatura mexiquense aprobaron un exhorto para promover espacios verdes.\" width=\"420\" height=\"236\" srcset=\"https:\/\/www.diarioimagen.net\/wp-content\/uploads\/2016\/01\/LEGISLATURA-2926-420x236.jpg 420w, https:\/\/www.diarioimagen.net\/wp-content\/uploads\/2016\/01\/LEGISLATURA-2926-240x135.jpg 240w, https:\/\/www.diarioimagen.net\/wp-content\/uploads\/2016\/01\/LEGISLATURA-2926-235x132.jpg 235w, https:\/\/www.diarioimagen.net\/wp-content\/uploads\/2016\/01\/LEGISLATURA-2926-202x114.jpg 202w, https:\/\/www.diarioimagen.net\/wp-content\/uploads\/2016\/01\/LEGISLATURA-2926-350x196.jpg 350w, https:\/\/www.diarioimagen.net\/wp-content\/uploads\/2016\/01\/LEGISLATURA-2926-220x123.jpg 220w, https:\/\/www.diarioimagen.net\/wp-content\/uploads\/2016\/01\/LEGISLATURA-2926-237x132.jpg 237w, https:\/\/www.diarioimagen.net\/wp-content\/uploads\/2016\/01\/LEGISLATURA-2926.jpg 480w\" sizes=\"auto, (max-width: 420px) 100vw, 420px\" \/><\/a><p id=\"caption-attachment-282748\" class=\"wp-caption-text\">Las comisiones de Legislaci\u00f3n y Administraci\u00f3n Municipal y de Protecci\u00f3n Ambiental y Cambio Clim\u00e1tico de la 59 Legislatura mexiquense aprobaron un exhorto para promover espacios verdes.<\/p><\/div>\n<p>&nbsp;<\/p>\n<p><strong>Toluca, Estado de M\u00e9xico<\/strong>.- Exhortar al gobierno estatal y a los 125 ayuntamientos para que impulsen y generen est\u00edmulos fiscales donde sea procedente, que permitan la creaci\u00f3n y\/o mantenimiento de naturaci\u00f3n urbana en infraestructura p\u00fablica y privada para mitigar los efectos del cambio clim\u00e1tico y el acelerado crecimiento urbano, es el prop\u00f3sito del punto de acuerdo aprobado por unanimidad de las comisiones de Legislaci\u00f3n y Administraci\u00f3n Municipal y de Protecci\u00f3n Ambiental y Cambio Clim\u00e1tico de la 59 Legislatura mexiquense.<\/p>\n<p>En reuni\u00f3n presidida por el diputado Tassio Benjam\u00edn Ram\u00edrez Hern\u00e1ndez (Verde Ecologista), autor de la propuesta, legisladores del PRI, PRD, PAN y Nueva Alianza coincidieron en que\u00a0 espacios como jardines verticales o azoteas verdes son alternativas para reducir el di\u00f3xido de carbono, la temperatura y alcanzar un desarrollo sustentable.<\/p>\n<p>Con la adici\u00f3n de las palabras \u201cdel cambio clim\u00e1tico\u201d a la propuesta original, a solicitud del diputado Eduardo Zarzoza S\u00e1nchez (PRI), ambas comisiones, que contaron con la opini\u00f3n de la de Planificaci\u00f3n Demogr\u00e1fica, avalaron el punto de acuerdo respectivo.<\/p>\n<p>La diputada Perla Guadalupe Monroy Miranda (PRI) se\u00f1al\u00f3 que la promoci\u00f3n de estas \u00e1reas es de suma importancia, sobre todo en los municipios que han agotado los espacios verdes, mientras que el diputado Inocencio Ch\u00e1vez Res\u00e9ndiz (PRI) subray\u00f3 que estos espacios contribuir\u00e1n a reducir el di\u00f3xido de carbono y, como consecuencia, mejorar\u00e1n la salud de la poblaci\u00f3n.<\/p>\n<p>En su momento, la legisladora Bertha Padilla Chac\u00f3n (PRD) solicit\u00f3 establecer estos beneficios fiscales en la Ley de Ingresos de los Municipios para el ejercicio 2017, en tanto el diputado Raymundo Garza Vilchis (PAN) propuso que el exhorto se dirija a los alcaldes por escrito para que, adem\u00e1s del beneficio econ\u00f3mico, se hagan saber los beneficios que implican las azoteas verdes, como la reducci\u00f3n de la temperatura y de la contaminaci\u00f3n sonora.<\/p>\n<p>Por su parte,\u00a0 la legisladora Mar\u00eda P\u00e9rez L\u00f3pez (Nueva Alianza) se\u00f1al\u00f3 la importancia de una pol\u00edtica urbana que priorice el desarrollo sustentable, pues de acuerdo a la Organizaci\u00f3n de las Naciones Unidas cada a\u00f1o la poblaci\u00f3n aumentar\u00e1 en 92 millones de personas y se prev\u00e9 que las emisiones de gases de efecto de invernadero se eleven en un 50 por ciento.<\/p>\n<p>&nbsp;<\/p>\n","protected":false},"excerpt":{"rendered":"<p>Exhortar al gobierno estatal y a los 125 ayuntamientos para que impulsen y generen est\u00edmulos fiscales donde sea procedente, que permitan la creaci\u00f3n y\/o mantenimiento de naturaci\u00f3n urbana en infraestructura p\u00fablica y privada para mitigar los efectos del cambio clim\u00e1tico y el acelerado crecimiento urbano, es el prop\u00f3sito del punto de acuerdo aprobado por unanimidad de las comisiones de Legislaci\u00f3n y Administraci\u00f3n Municipal y de Protecci\u00f3n Ambiental y Cambio Clim\u00e1tico de la 59 Legislatura mexiquense.<\/p>\n","protected":false},"author":3,"featured_media":282748,"comment_status":"open","ping_status":"open","sticky":false,"template":"","format":"standard","meta":{"_monsterinsights_skip_tracking":false,"_monsterinsights_sitenote_active":false,"_monsterinsights_sitenote_note":"","_monsterinsights_sitenote_category":0,"footnotes":""},"categories":[35155],"tags":[43675,362,452],"class_list":["post-282666","post","type-post","status-publish","format-standard","has-post-thumbnail","hentry","category-estado-de-mexico-estado-de-mexico","tag-estado-de-mexico","tag-pri","tag-toluca"],"_links":{"self":[{"href":"https:\/\/www.diarioimagen.net\/index.php?rest_route=\/wp\/v2\/posts\/282666","targetHints":{"allow":["GET"]}}],"collection":[{"href":"https:\/\/www.diarioimagen.net\/index.php?rest_route=\/wp\/v2\/posts"}],"about":[{"href":"https:\/\/www.diarioimagen.net\/index.php?rest_route=\/wp\/v2\/types\/post"}],"author":[{"embeddable":true,"href":"https:\/\/www.diarioimagen.net\/index.php?rest_route=\/wp\/v2\/users\/3"}],"replies":[{"embeddable":true,"href":"https:\/\/www.diarioimagen.net\/index.php?rest_route=%2Fwp%2Fv2%2Fcomments&post=282666"}],"version-history":[{"count":0,"href":"https:\/\/www.diarioimagen.net\/index.php?rest_route=\/wp\/v2\/posts\/282666\/revisions"}],"wp:featuredmedia":[{"embeddable":true,"href":"https:\/\/www.diarioimagen.net\/index.php?rest_route=\/wp\/v2\/media\/282748"}],"wp:attachment":[{"href":"https:\/\/www.diarioimagen.net\/index.php?rest_route=%2Fwp%2Fv2%2Fmedia&parent=282666"}],"wp:term":[{"taxonomy":"category","embeddable":true,"href":"https:\/\/www.diarioimagen.net\/index.php?rest_route=%2Fwp%2Fv2%2Fcategories&post=282666"},{"taxonomy":"post_tag","embeddable":true,"href":"https:\/\/www.diarioimagen.net\/index.php?rest_route=%2Fwp%2Fv2%2Ftags&post=282666"}],"curies":[{"name":"wp","href":"https:\/\/api.w.org\/{rel}","templated":true}]}}