{"id":282669,"date":"2016-08-05T00:05:57","date_gmt":"2016-08-05T05:05:57","guid":{"rendered":"http:\/\/www.diarioimagen.net\/?p=282669"},"modified":"2016-08-05T05:06:46","modified_gmt":"2016-08-05T10:06:46","slug":"el-pri-toma-protesta-a-nuevo-comite-en-tlalnepantla","status":"publish","type":"post","link":"https:\/\/www.diarioimagen.net\/?p=282669","title":{"rendered":"El PRI toma protesta a nuevo comit\u00e9 en Tlalnepantla"},"content":{"rendered":"<div id=\"attachment_282751\" style=\"width: 430px\" class=\"wp-caption aligncenter\"><a href=\"http:\/\/www.diarioimagen.net\/?attachment_id=282751\" rel=\"attachment wp-att-282751\"><img loading=\"lazy\" decoding=\"async\" aria-describedby=\"caption-attachment-282751\" class=\"size-large wp-image-282751\" src=\"http:\/\/www.diarioimagen.net\/wp-content\/uploads\/2016\/08\/PIE-TLALNEPANTLA-2926-420x236.jpg\" alt=\"Las comisiones de Legislaci\u00f3n y Administraci\u00f3n Municipal y de Protecci\u00f3n Ambiental y Cambio Clim\u00e1tico de la 59 Legislatura mexiquense aprobaron un exhorto para promover espacios verdes.\" width=\"420\" height=\"236\" srcset=\"https:\/\/www.diarioimagen.net\/wp-content\/uploads\/2016\/08\/PIE-TLALNEPANTLA-2926-420x236.jpg 420w, https:\/\/www.diarioimagen.net\/wp-content\/uploads\/2016\/08\/PIE-TLALNEPANTLA-2926-240x135.jpg 240w, https:\/\/www.diarioimagen.net\/wp-content\/uploads\/2016\/08\/PIE-TLALNEPANTLA-2926-235x132.jpg 235w, https:\/\/www.diarioimagen.net\/wp-content\/uploads\/2016\/08\/PIE-TLALNEPANTLA-2926-202x114.jpg 202w, https:\/\/www.diarioimagen.net\/wp-content\/uploads\/2016\/08\/PIE-TLALNEPANTLA-2926-350x196.jpg 350w, https:\/\/www.diarioimagen.net\/wp-content\/uploads\/2016\/08\/PIE-TLALNEPANTLA-2926-220x123.jpg 220w, https:\/\/www.diarioimagen.net\/wp-content\/uploads\/2016\/08\/PIE-TLALNEPANTLA-2926-237x132.jpg 237w, https:\/\/www.diarioimagen.net\/wp-content\/uploads\/2016\/08\/PIE-TLALNEPANTLA-2926.jpg 480w\" sizes=\"auto, (max-width: 420px) 100vw, 420px\" \/><\/a><p id=\"caption-attachment-282751\" class=\"wp-caption-text\">Las comisiones de Legislaci\u00f3n y Administraci\u00f3n Municipal y de Protecci\u00f3n Ambiental y Cambio Clim\u00e1tico de la 59 Legislatura mexiquense aprobaron un exhorto para promover espacios verdes.<\/p><\/div>\n<p>&nbsp;<\/p>\n<p><strong>Tlalnepantla, Estado de M\u00e9xico.-<\/strong> Carlos Iriarte Mercado, dirigente estatal del PRI, asegur\u00f3 que su partido ya se est\u00e1 preparando para el 2017, apegado a la legalidad y a sus propios estatutos, y dijo, al tomar la protesta a los integrantes del nuevo comit\u00e9 directivo municipal, en esta ciudad, donde quedaron al frente Alina Luna G\u00f3mez como presidenta y Samuel Ugalde Ch\u00e1vez como secretario general, que el tricolor se apega tambi\u00e9n a los principios que rigen el proceso electoral.<\/p>\n<p>&nbsp;<\/p>\n","protected":false},"excerpt":{"rendered":"<p>Carlos Iriarte Mercado, dirigente estatal del PRI, asegur\u00f3 que su partido ya se est\u00e1 preparando para el 2017, apegado a la legalidad y a sus propios estatutos, y dijo, al tomar la protesta a los integrantes del nuevo comit\u00e9 directivo municipal, en esta ciudad, donde quedaron al frente Alina Luna G\u00f3mez como presidenta y Samuel Ugalde Ch\u00e1vez como secretario general, que el tricolor se apega tambi\u00e9n a los principios que rigen el proceso electoral.<\/p>\n","protected":false},"author":3,"featured_media":282751,"comment_status":"open","ping_status":"open","sticky":false,"template":"","format":"standard","meta":{"_monsterinsights_skip_tracking":false,"_monsterinsights_sitenote_active":false,"_monsterinsights_sitenote_note":"","_monsterinsights_sitenote_category":0,"footnotes":""},"categories":[35155],"tags":[43675,169],"class_list":["post-282669","post","type-post","status-publish","format-standard","has-post-thumbnail","hentry","category-estado-de-mexico-estado-de-mexico","tag-estado-de-mexico","tag-tlalnepantla"],"_links":{"self":[{"href":"https:\/\/www.diarioimagen.net\/index.php?rest_route=\/wp\/v2\/posts\/282669","targetHints":{"allow":["GET"]}}],"collection":[{"href":"https:\/\/www.diarioimagen.net\/index.php?rest_route=\/wp\/v2\/posts"}],"about":[{"href":"https:\/\/www.diarioimagen.net\/index.php?rest_route=\/wp\/v2\/types\/post"}],"author":[{"embeddable":true,"href":"https:\/\/www.diarioimagen.net\/index.php?rest_route=\/wp\/v2\/users\/3"}],"replies":[{"embeddable":true,"href":"https:\/\/www.diarioimagen.net\/index.php?rest_route=%2Fwp%2Fv2%2Fcomments&post=282669"}],"version-history":[{"count":0,"href":"https:\/\/www.diarioimagen.net\/index.php?rest_route=\/wp\/v2\/posts\/282669\/revisions"}],"wp:featuredmedia":[{"embeddable":true,"href":"https:\/\/www.diarioimagen.net\/index.php?rest_route=\/wp\/v2\/media\/282751"}],"wp:attachment":[{"href":"https:\/\/www.diarioimagen.net\/index.php?rest_route=%2Fwp%2Fv2%2Fmedia&parent=282669"}],"wp:term":[{"taxonomy":"category","embeddable":true,"href":"https:\/\/www.diarioimagen.net\/index.php?rest_route=%2Fwp%2Fv2%2Fcategories&post=282669"},{"taxonomy":"post_tag","embeddable":true,"href":"https:\/\/www.diarioimagen.net\/index.php?rest_route=%2Fwp%2Fv2%2Ftags&post=282669"}],"curies":[{"name":"wp","href":"https:\/\/api.w.org\/{rel}","templated":true}]}}