{"id":282682,"date":"2016-08-05T00:06:53","date_gmt":"2016-08-05T05:06:53","guid":{"rendered":"http:\/\/www.diarioimagen.net\/?p=282682"},"modified":"2016-08-07T22:31:01","modified_gmt":"2016-08-08T03:31:01","slug":"las-fotomultas-no-se-cancelaran-mancera-espinosa","status":"publish","type":"post","link":"https:\/\/www.diarioimagen.net\/?p=282682","title":{"rendered":"Las fotomultas no se cancelar\u00e1n: Mancera Espinosa"},"content":{"rendered":"<ul>\n<li><strong><em>Pese a quejas de automovilistas<\/em><\/strong><\/li>\n<\/ul>\n<p>&nbsp;<\/p>\n<div id=\"attachment_282766\" style=\"width: 430px\" class=\"wp-caption aligncenter\"><a href=\"http:\/\/www.diarioimagen.net\/?attachment_id=282766\" rel=\"attachment wp-att-282766\"><img loading=\"lazy\" decoding=\"async\" aria-describedby=\"caption-attachment-282766\" class=\"size-large wp-image-282766\" src=\"http:\/\/www.diarioimagen.net\/wp-content\/uploads\/2016\/08\/FOTOMULTAS-2926-420x236.jpg\" alt=\"El gobierno de la Ciudad de M\u00e9xico descart\u00f3 que se vaya a cancelar el programa de fotomultas como en el Estado de M\u00e9xico.\" width=\"420\" height=\"236\" srcset=\"https:\/\/www.diarioimagen.net\/wp-content\/uploads\/2016\/08\/FOTOMULTAS-2926-420x236.jpg 420w, https:\/\/www.diarioimagen.net\/wp-content\/uploads\/2016\/08\/FOTOMULTAS-2926-240x135.jpg 240w, https:\/\/www.diarioimagen.net\/wp-content\/uploads\/2016\/08\/FOTOMULTAS-2926-235x132.jpg 235w, https:\/\/www.diarioimagen.net\/wp-content\/uploads\/2016\/08\/FOTOMULTAS-2926-202x114.jpg 202w, https:\/\/www.diarioimagen.net\/wp-content\/uploads\/2016\/08\/FOTOMULTAS-2926-350x196.jpg 350w, https:\/\/www.diarioimagen.net\/wp-content\/uploads\/2016\/08\/FOTOMULTAS-2926-220x123.jpg 220w, https:\/\/www.diarioimagen.net\/wp-content\/uploads\/2016\/08\/FOTOMULTAS-2926-237x132.jpg 237w, https:\/\/www.diarioimagen.net\/wp-content\/uploads\/2016\/08\/FOTOMULTAS-2926.jpg 480w\" sizes=\"auto, (max-width: 420px) 100vw, 420px\" \/><\/a><p id=\"caption-attachment-282766\" class=\"wp-caption-text\">El gobierno de la Ciudad de M\u00e9xico descart\u00f3 que se vaya a cancelar el programa de fotomultas como en el Estado de M\u00e9xico.<\/p><\/div>\n<p>&nbsp;<\/p>\n<p>El jefe de gobierno, Miguel \u00c1ngel Mancera Espinosa, afirm\u00f3 categ\u00f3rico que se vaya a cancelar el programa de fotomultas en la Ciudad de M\u00e9xico, luego que las autoridades del Estado de M\u00e9xico s\u00ed tomaron esa medida en atenci\u00f3n a las m\u00faltiples quejas de automovilistas.<\/p>\n<p>El jefe de gobierno capitalino asegur\u00f3 que esta medida ha dado buenos resultados y estos se reflejan en los \u00edndices a la baja de accidentes y muertes en las calles por percances viales.<\/p>\n<p>El mandatario local se\u00f1al\u00f3 que a m\u00e1s tardar la pr\u00f3xima semana estar\u00e1n dando a conocer estos resultados que justifican la implementaci\u00f3n de estas c\u00e1maras de vigilancia en las calles.<\/p>\n<p>Tenemos muy buenos resultados que vamos a pedir que sean compartidos con ustedes, que se los expliquen a m\u00e1s tardar la pr\u00f3xima semana, pero hay un descenso clar\u00edsimo en los homicidios de tr\u00e1nsito de veh\u00edculos en los accidentes de motociclistas y sobre todo de ciclistas\u201d, indic\u00f3 Mancera Espinosa.<\/p>\n<p>El Ejecutivo local agreg\u00f3 que tambi\u00e9n se est\u00e1 dando seguimiento al transporte p\u00fablico luego que se ha informado de constantes asaltos en su interior.<\/p>\n<p>Respecto a esto, Mancera Espinosa asegur\u00f3 que en las nuevas unidades contar\u00e1n con c\u00e1maras de vigilancia y dispositivos de alerta, pero insisti\u00f3, que otra acci\u00f3n que ser\u00eda \u00fatil comprender\u00eda el endurecimiento en las penas a la portaci\u00f3n de armas.<\/p>\n<p style=\"text-align: center;\"><strong>Entrega sistemas <\/strong><strong>de captaci\u00f3n pluvial <\/strong><\/p>\n<p>El jefe de gobierno capitalino hizo un llamado al gobierno federal para incluir en los apoyos que otorga la Secretar\u00eda de Desarrollo Social (Sedesol), los Sistemas de Captaci\u00f3n Pluvial entregados por la administraci\u00f3n de la CDMX, ya que tienen una efectividad comprobada.<\/p>\n<p>En el Antiguo Palacio del Ayuntamiento, el mandatario capitalino encabez\u00f3 la distribuci\u00f3n de 112 Sistemas de Captaci\u00f3n Pluvial conocidos como (Tlaloques) a familias que habitan en las delegaciones Milpa Alta, Xochimilco, Tl\u00e1huac, Tlalpan e Iztapalapa, los cuales sumar\u00e1n un total de 152 que estar\u00e1n operando en la capital del pa\u00eds como parte del programa \u201cAgua a Tu Casa\u201d.<\/p>\n<p>Recalc\u00f3 que en la pr\u00f3xima reuni\u00f3n que sostenga con el titular de la Sedesol propondr\u00e1 este programa. \u201cLo vamos a llevar, porque ustedes lo necesitan, y porque nosotros queremos que haya un avance sustancial. Delegaciones como Xochimilco, Milpa Alta, Tlalpan y Tl\u00e1huac se ver\u00e1n con un muy alto beneficio\u201d, destac\u00f3.<\/p>\n<p>El jefe de gobierno explic\u00f3 que en las Unidades Habitacionales (UH) se invertir\u00e1n 4 millones de pesos para la instalaci\u00f3n de estos sistemas, que beneficiar\u00e1n a 5 mil personas.<\/p>\n<p>Este a\u00f1o, estos mecanismos permitir\u00e1n la captaci\u00f3n de entre seis y ocho millones de litros de agua, lo que significar\u00e1 para las UH un ahorro de 13 mil hasta 83 mil pesos en el pago de agua.<\/p>\n<p>&nbsp;<\/p>\n","protected":false},"excerpt":{"rendered":"<p>El jefe de gobierno, Miguel \u00c1ngel Mancera Espinosa, afirm\u00f3 categ\u00f3rico que se vaya a cancelar el programa de fotomultas en la Ciudad de M\u00e9xico, luego que las autoridades del Estado de M\u00e9xico s\u00ed tomaron esa medida en atenci\u00f3n a las m\u00faltiples quejas de automovilistas.<\/p>\n","protected":false},"author":3,"featured_media":282766,"comment_status":"open","ping_status":"open","sticky":false,"template":"","format":"standard","meta":{"_monsterinsights_skip_tracking":false,"_monsterinsights_sitenote_active":false,"_monsterinsights_sitenote_note":"","_monsterinsights_sitenote_category":0,"footnotes":""},"categories":[6],"tags":[47548,5314],"class_list":["post-282682","post","type-post","status-publish","format-standard","has-post-thumbnail","hentry","category-cd-de-mexico","tag-fotomultas","tag-miguel-angel-mancera-espinosa"],"_links":{"self":[{"href":"https:\/\/www.diarioimagen.net\/index.php?rest_route=\/wp\/v2\/posts\/282682","targetHints":{"allow":["GET"]}}],"collection":[{"href":"https:\/\/www.diarioimagen.net\/index.php?rest_route=\/wp\/v2\/posts"}],"about":[{"href":"https:\/\/www.diarioimagen.net\/index.php?rest_route=\/wp\/v2\/types\/post"}],"author":[{"embeddable":true,"href":"https:\/\/www.diarioimagen.net\/index.php?rest_route=\/wp\/v2\/users\/3"}],"replies":[{"embeddable":true,"href":"https:\/\/www.diarioimagen.net\/index.php?rest_route=%2Fwp%2Fv2%2Fcomments&post=282682"}],"version-history":[{"count":0,"href":"https:\/\/www.diarioimagen.net\/index.php?rest_route=\/wp\/v2\/posts\/282682\/revisions"}],"wp:featuredmedia":[{"embeddable":true,"href":"https:\/\/www.diarioimagen.net\/index.php?rest_route=\/wp\/v2\/media\/282766"}],"wp:attachment":[{"href":"https:\/\/www.diarioimagen.net\/index.php?rest_route=%2Fwp%2Fv2%2Fmedia&parent=282682"}],"wp:term":[{"taxonomy":"category","embeddable":true,"href":"https:\/\/www.diarioimagen.net\/index.php?rest_route=%2Fwp%2Fv2%2Fcategories&post=282682"},{"taxonomy":"post_tag","embeddable":true,"href":"https:\/\/www.diarioimagen.net\/index.php?rest_route=%2Fwp%2Fv2%2Ftags&post=282682"}],"curies":[{"name":"wp","href":"https:\/\/api.w.org\/{rel}","templated":true}]}}