{"id":282831,"date":"2016-08-07T23:45:08","date_gmt":"2016-08-08T04:45:08","guid":{"rendered":"http:\/\/www.diarioimagen.net\/?p=282831"},"modified":"2016-08-08T05:50:07","modified_gmt":"2016-08-08T10:50:07","slug":"vuelve-al-auditorio-nacional-laura-pausini-en-gira-internacional","status":"publish","type":"post","link":"https:\/\/www.diarioimagen.net\/?p=282831","title":{"rendered":"Vuelve al Auditorio Nacional Laura Pausini, en gira internacional"},"content":{"rendered":"<ul>\n<li><em><strong>La italiana dar\u00e1 el cuarto concierto de su carrera en el foro capitalino, el pr\u00f3ximo 12 de agosto<\/strong><\/em><\/li>\n<\/ul>\n<p>&nbsp;<\/p>\n<div id=\"attachment_283046\" style=\"width: 430px\" class=\"wp-caption aligncenter\"><a href=\"http:\/\/www.diarioimagen.net\/?attachment_id=283046\" rel=\"attachment wp-att-283046\"><img loading=\"lazy\" decoding=\"async\" aria-describedby=\"caption-attachment-283046\" class=\"wp-image-283046\" src=\"http:\/\/www.diarioimagen.net\/wp-content\/uploads\/2016\/08\/laura-pausini-2927.jpg\" alt=\"Laura Pauisini llegar\u00e1 como parte de su gira Similares USA &amp; Latin America Tour, en el que presenta su nuevo disco.\" width=\"420\" height=\"602\" srcset=\"https:\/\/www.diarioimagen.net\/wp-content\/uploads\/2016\/08\/laura-pausini-2927.jpg 837w, https:\/\/www.diarioimagen.net\/wp-content\/uploads\/2016\/08\/laura-pausini-2927-167x240.jpg 167w, https:\/\/www.diarioimagen.net\/wp-content\/uploads\/2016\/08\/laura-pausini-2927-768x1101.jpg 768w, https:\/\/www.diarioimagen.net\/wp-content\/uploads\/2016\/08\/laura-pausini-2927-293x420.jpg 293w\" sizes=\"auto, (max-width: 420px) 100vw, 420px\" \/><\/a><p id=\"caption-attachment-283046\" class=\"wp-caption-text\">Laura Pauisini llegar\u00e1 como parte de su gira<em> Similares USA &amp; Latin America Tour<\/em>, en el que presenta su nuevo disco.<\/p><\/div>\n<p>&nbsp;<\/p>\n<p>La cantautora Laura Pausini regresar\u00e1 al Auditorio Nacional por cuarta ocasi\u00f3n en su trayectoria el pr\u00f3ximo 12 de agosto, para reencontrarse con su p\u00fablico mexicano y presentar su nueva producci\u00f3n discogr\u00e1fica, titulada <i>Similares<\/i>.<\/p>\n<p>La int\u00e9rprete italiana arribar\u00e1 al foro de espect\u00e1culos m\u00e1s importante de Am\u00e9rica Latina tras cuatro a\u00f1os de su \u00faltima presentaci\u00f3n en este escenario. Su primer concierto ocurri\u00f3 en 1997 y a \u00e9ste le siguieron otros que realiz\u00f3 en 2009 y 2012.<\/p>\n<p>Ahora, en el espect\u00e1culo Laura Pausini <i>Similares USA &amp; Latin America Tour<\/i>, la int\u00e9rprete conquistar\u00e1 a sus fans con los temas de su \u00e1lbum <i>Similares <\/i>(2015), entre ellos <i>Lado derecho del coraz\u00f3n, En la puerta de al lado<\/i> y su actual sencillo <i>Enamorada, <\/i>adem\u00e1s de ofrecer sobre el escenario aquellas canciones que han sido un \u00e9xito en su carrera art\u00edstica, como <i>Amores extra\u00f1os, Se fue, Inolvidable, V\u00edveme, Entre t\u00fa y mil mares<\/i> y <i>La soledad<\/i>, entre otros.<\/p>\n<p>La actual gira internacional de Pausini inici\u00f3 con dos conciertos masivos, los d\u00edas 4 y 5 de junio, en el estadio San Siro de la ciudad de Mil\u00e1n, para despu\u00e9s seguir con presentaciones en las principales ciudades de Canad\u00e1, Estados Unidos y Am\u00e9rica Latina durante los meses de julio, agosto y septiembre, mientras que en octubre se presentar\u00e1 en los escenarios m\u00e1s prestigiosos de Europa.<\/p>\n<p>Adem\u00e1s de su m\u00fasica, una de las cosas que m\u00e1s destaca de su tour es el escenario, el cual fue dise\u00f1ado por ella misma, ya que representa a la perfecci\u00f3n el significado de la palabra \u201csimilares\u201d, como una declaraci\u00f3n contra el odio de todo tipo.<\/p>\n<p>Con m\u00e1s de 20 a\u00f1os de carrera art\u00edstica, la cantautora ha ganado, entre otros premios, el Billboard, World Music, Grammy y Grammy Latino, y ha grabado alrededor de 21 discos, entre versiones en espa\u00f1ol, italiano y en vivo.<\/p>\n<p>Laura Pausini <i>Similares USA &amp; Latin America Tour,<\/i> se llevar\u00e1 a cabo el viernes 12 de agosto del presente a\u00f1o a las 20:30 horas en el Auditorio Nacional (Reforma 50, Bosque de Chapultepec). Boletos: de $250 a $3500, disponibles en las taquillas del foro sin cargo extra y en el sistema Ticketmaster.<\/p>\n<p>&nbsp;<\/p>\n<blockquote><p>El escenario con el que se presenta Laura Pausini fue dise\u00f1ado por ella misma, ya que representa a la perfecci\u00f3n el significado de la palabra \u201csimilares\u201d, como una declaraci\u00f3n contra el odio de todo tipo.<\/p><\/blockquote>\n","protected":false},"excerpt":{"rendered":"<p>La cantautora Laura Pausini regresar\u00e1 al Auditorio Nacional por cuarta ocasi\u00f3n en su trayectoria el pr\u00f3ximo 12 de agosto, para reencontrarse con su p\u00fablico mexicano y presentar su nueva producci\u00f3n discogr\u00e1fica, titulada Similares.<\/p>\n","protected":false},"author":5,"featured_media":283047,"comment_status":"open","ping_status":"open","sticky":false,"template":"","format":"standard","meta":{"_monsterinsights_skip_tracking":false,"_monsterinsights_sitenote_active":false,"_monsterinsights_sitenote_note":"","_monsterinsights_sitenote_category":0,"footnotes":""},"categories":[17,12],"tags":[471,43682,22133],"class_list":["post-282831","post","type-post","status-publish","format-standard","has-post-thumbnail","hentry","category-especiales","category-espectaculos","tag-auditorio-nacional","tag-espectaculos","tag-laura-pausini"],"_links":{"self":[{"href":"https:\/\/www.diarioimagen.net\/index.php?rest_route=\/wp\/v2\/posts\/282831","targetHints":{"allow":["GET"]}}],"collection":[{"href":"https:\/\/www.diarioimagen.net\/index.php?rest_route=\/wp\/v2\/posts"}],"about":[{"href":"https:\/\/www.diarioimagen.net\/index.php?rest_route=\/wp\/v2\/types\/post"}],"author":[{"embeddable":true,"href":"https:\/\/www.diarioimagen.net\/index.php?rest_route=\/wp\/v2\/users\/5"}],"replies":[{"embeddable":true,"href":"https:\/\/www.diarioimagen.net\/index.php?rest_route=%2Fwp%2Fv2%2Fcomments&post=282831"}],"version-history":[{"count":0,"href":"https:\/\/www.diarioimagen.net\/index.php?rest_route=\/wp\/v2\/posts\/282831\/revisions"}],"wp:featuredmedia":[{"embeddable":true,"href":"https:\/\/www.diarioimagen.net\/index.php?rest_route=\/wp\/v2\/media\/283047"}],"wp:attachment":[{"href":"https:\/\/www.diarioimagen.net\/index.php?rest_route=%2Fwp%2Fv2%2Fmedia&parent=282831"}],"wp:term":[{"taxonomy":"category","embeddable":true,"href":"https:\/\/www.diarioimagen.net\/index.php?rest_route=%2Fwp%2Fv2%2Fcategories&post=282831"},{"taxonomy":"post_tag","embeddable":true,"href":"https:\/\/www.diarioimagen.net\/index.php?rest_route=%2Fwp%2Fv2%2Ftags&post=282831"}],"curies":[{"name":"wp","href":"https:\/\/api.w.org\/{rel}","templated":true}]}}