{"id":282955,"date":"2016-08-08T00:01:00","date_gmt":"2016-08-08T05:01:00","guid":{"rendered":"http:\/\/www.diarioimagen.net\/?p=282955"},"modified":"2016-08-09T01:05:23","modified_gmt":"2016-08-09T06:05:23","slug":"el-alcalde-de-dallas-mike-rawlings-y-su-homonima-de-fort-worth-betsy-price-presidieron-la-mision-que-visito-la-ciudad-de-mexico","status":"publish","type":"post","link":"https:\/\/www.diarioimagen.net\/?p=282955","title":{"rendered":"El alcalde de Dallas, Mike Rawlings, y su hom\u00f3nima de Fort Worth, Betsy Price, presidieron la misi\u00f3n que visit\u00f3 la Ciudad de M\u00e9xico"},"content":{"rendered":"<h2>De cinco estrellas<\/h2>\n<h5>Victoria Gonz\u00e1lez Prado<\/h5>\n<p>&nbsp;<\/p>\n<ul>\n<li><strong><em>La aerol\u00ednea holandesa <\/em>KLM<em> llevw\u00f3 a 78 atletas a los Juegos Ol\u00edmpicos de R\u00edo de Janeiro, a bordo de su <\/em>Boeing 777<\/strong><\/li>\n<li><strong>Beach Polo<em>, a realizarse zlos d\u00edas 3 y 4 de septiembre, reunir\u00e1 a 12 jinetes y m\u00e1s de 50 caballos en la playa del hotel Coronado<\/em><\/strong><\/li>\n<\/ul>\n<p>&nbsp;<\/p>\n<div id=\"attachment_283017\" style=\"width: 430px\" class=\"wp-caption aligncenter\"><a href=\"http:\/\/www.diarioimagen.net\/?attachment_id=283017\" rel=\"attachment wp-att-283017\"><img loading=\"lazy\" decoding=\"async\" aria-describedby=\"caption-attachment-283017\" class=\"size-large wp-image-283017\" src=\"http:\/\/www.diarioimagen.net\/wp-content\/uploads\/2016\/08\/turismo-2927-420x236.jpg\" alt=\"La alcaldesa de Fort Worth Betsy Price; su hom\u00f3nimo, Mike Rawlings, de Dallas; Sean Donohue, director ejecutivo del aeropuerto de Dallas\/Fort Worth, y Jorge Sales, representante de la terminal a\u00e9rea de DWF.\" width=\"420\" height=\"236\" srcset=\"https:\/\/www.diarioimagen.net\/wp-content\/uploads\/2016\/08\/turismo-2927-420x236.jpg 420w, https:\/\/www.diarioimagen.net\/wp-content\/uploads\/2016\/08\/turismo-2927-240x135.jpg 240w, https:\/\/www.diarioimagen.net\/wp-content\/uploads\/2016\/08\/turismo-2927-768x432.jpg 768w, https:\/\/www.diarioimagen.net\/wp-content\/uploads\/2016\/08\/turismo-2927-480x270.jpg 480w, https:\/\/www.diarioimagen.net\/wp-content\/uploads\/2016\/08\/turismo-2927-235x132.jpg 235w, https:\/\/www.diarioimagen.net\/wp-content\/uploads\/2016\/08\/turismo-2927-202x114.jpg 202w, https:\/\/www.diarioimagen.net\/wp-content\/uploads\/2016\/08\/turismo-2927-350x196.jpg 350w, https:\/\/www.diarioimagen.net\/wp-content\/uploads\/2016\/08\/turismo-2927-220x123.jpg 220w, https:\/\/www.diarioimagen.net\/wp-content\/uploads\/2016\/08\/turismo-2927-237x132.jpg 237w, https:\/\/www.diarioimagen.net\/wp-content\/uploads\/2016\/08\/turismo-2927.jpg 873w\" sizes=\"auto, (max-width: 420px) 100vw, 420px\" \/><\/a><p id=\"caption-attachment-283017\" class=\"wp-caption-text\">La alcaldesa de Fort Worth Betsy Price; su hom\u00f3nimo, Mike Rawlings, de Dallas; Sean Donohue, director ejecutivo del aeropuerto de Dallas\/Fort Worth, y Jorge Sales, representante de la terminal a\u00e9rea de DWF.<\/p><\/div>\n<p>&nbsp;<\/p>\n<p>Con la finalidad de promover los servicios a\u00e9reos entre Dallas-Fort Worth y M\u00e9xico y, fortalecer las relaciones diplom\u00e1ticas, culturales y de negocios, los alcaldes de Dallas y Fort Worth encabezaron la misi\u00f3n que visit\u00f3 la Ciudad de M\u00e9xico.<\/p>\n<p>El alcalde de Dallas, <strong>Mike Rawlings<\/strong> y su hom\u00f3nima de Fort Worth, <strong>Betsy Price<\/strong>, acompa\u00f1ados por empresarios y l\u00edderes locales de la Oficina general del Consulado de M\u00e9xico en Dallas, la C\u00e1mara Regional de Dallas, la C\u00e1mara de Fort Worth, el Bur\u00f3 de Convenciones y Visitantes de Dallas, el Bur\u00f3 de Convenciones y Visitantes de Fort Worth, ProM\u00e9xico, la C\u00e1mara de Comercio EU-M\u00e9xico y diversas empresas locales, participaron en el encuentro.<\/p>\n<p><strong>Sean Donohue<\/strong>, director ejecutivo del aeropuerto de Dallas\/Fort Worth, quien particip\u00f3 tambi\u00e9n en la misi\u00f3n asegur\u00f3 que \u201cen los \u00faltimos 12 meses, por Dallas\/Fort Worth han pasado m\u00e1s de 1.8 millones de personas para viajar a M\u00e9xico, pa\u00eds que representa m\u00e1s del 35% de los viajes internacionales del aeropuerto y deja en claro los importantes v\u00ednculos comerciales y tur\u00edsticos con las 19 ciudades mexicanas que cuentan con vuelos directos. Por estas razones, M\u00e9xico es prioridad en nuestros esfuerzos para incrementar el n\u00famero de capacidad de asientos a nivel internacional\u201d.<\/p>\n<p>Cabe destacar que adem\u00e1s de <strong>Sean Donohue<\/strong> el Aeropuerto Internacional Dallas\/Fort Worth estuvieron <strong>Henry Borbolla III<\/strong> y <strong>Bridget Moreno Lopez<\/strong>, miembros de la junta directiva y, <strong>John Ackerman<\/strong>, vicepresidente ejecutivo de estrategias y desarrollo global.<\/p>\n<p>Actualmente, M\u00e9xico es la segunda econom\u00eda m\u00e1s importante de Am\u00e9rica Latina gracias a su reciente crecimiento en los sectores tecnol\u00f3gico y energ\u00e9tico. Texas exporta m\u00e1s recursos a M\u00e9xico que ning\u00fan otro estado de la Uni\u00f3n Americana y M\u00e9xico es el socio econ\u00f3mico n\u00famero uno de la entidad. En 2015, el intercambio comercial entre M\u00e9xico y la regi\u00f3n Dallas-Fort Worth dej\u00f3 una derrama econ\u00f3mica por m\u00e1s de 1.3 mil millones de d\u00f3lares.<\/p>\n<p>Los alcaldes <strong>Price<\/strong> y <strong>Rawlings<\/strong>, en una reuni\u00f3n, invitaron a la industria tur\u00edstica a conocer la regi\u00f3n Dallas-Fort Worth con la intenci\u00f3n de que los agentes de viajes elijan a DFW como la mejor puerta de acceso a los Estados Unidos para sus clientes adem\u00e1s de los servicios disponibles en el aeropuerto.<\/p>\n<p>Asimismo indicaron que el aeropuerto es anfitri\u00f3n de las aerol\u00edneas: <em>American Airlines,<\/em> AeroM\u00e9xico, Volaris, Interjet, <em>Spirit<\/em> y <em>Sun Country<\/em> que viajan desde DFW a 19 destinos mexicanos en m\u00e1s de 320 vuelos semanales que dejan una derrama econ\u00f3mica de mil millones de d\u00f3lares para la regi\u00f3n Dallas-Fort Worth.<\/p>\n<p>Servicios como asistencia de idioma (incluido el espa\u00f1ol) y eficaces procedimientos aduanales, est\u00e1n dise\u00f1ados para ayudar a que los viajeros internacionales puedan entrar r\u00e1pida y eficientemente al pa\u00eds. Los mexicanos con <em>\u201cGlobal Entry\u201d<\/em> o visa B1\/B2 pueden utilizar los m\u00e1s de 70 kioscos que reducen los tiempos de tr\u00e1mites en menos de cinco minutos. Dallas\/Fort Worth se ha trazado como objetivo transformar los viajes tradicionales mediante la experiencia personalizada.<\/p>\n<p>Adem\u00e1s el aeropuerto de Dallas\/Fort Worth es uno de los cuatro en el mundo que usan el sistema <em>\u201cCarry EZ\u201d,<\/em> que permite a los pasajeros que portan equipaje de mano solamente, pasar la aduana sin tener que acudir al \u00e1rea de reclamo de equipaje.<\/p>\n<p>La ampliaci\u00f3n del \u00e1rea donde se ubican las tiendas libres de impuestos quedar\u00e1 lista este a\u00f1o, y permitir\u00e1 a los clientes experimentar servicios de clase mundial. Tambi\u00e9n cuenta con \u00e1reas para trabajar, relajarse o jugar mientras se espera la hora de abordar.<\/p>\n<p>Dallas Fort Worth hace uso de la tecnolog\u00eda para mejorar la experiencia dentro de sus instalaciones. La <em>app<\/em> del aeropuerto est\u00e1 disponible en varios idiomas \u2013espa\u00f1ol incluido-, y ofrece mapas interactivos de las instalaciones.<\/p>\n<p>\u2730\u2730\u2730\u2730\u2730 La aerol\u00ednea holandesa <em>KLM Royal Dutch Airlines<\/em> llev\u00f3 a 78 atletas a los Juegos Ol\u00edmpicos de R\u00edo de Janeiro, a bordo de su <em>Boeing 777<\/em>, el cual tiene dise\u00f1os de color naranja, el color nacional de Holanda. El vuelo sali\u00f3 del Aeropuerto Schiphol en \u00c1msterdam a las 11:00 horas directo a R\u00edo de Janeiro, donde los Juegos se llevar\u00e1n a cabo del 5 al 21 de agosto.<\/p>\n<p>El capit\u00e1n <strong>Michiel Overvest <\/strong>y su tripulaci\u00f3n dieron la bienvenida al equipo Ol\u00edmpico abordo y les desearon la mejor de las suertes y el m\u00e1s grande \u00e9xito, as\u00ed como la obtenci\u00f3n de grandes memorias y muchas medallas.<\/p>\n<p>KLM tambi\u00e9n utilizar\u00e1 su avi\u00f3n anaranjado para regresar al equipo holand\u00e9s a \u00c1msterdam a bordo del \u201c<em>Medal Flight<\/em>\u201d el 22 de agosto.<\/p>\n<p>\u2730\u2730\u2730\u2730\u2730 El Hotel del Coronado y Polo America integran la alianza para presentar <em>Beach Polo,<\/em> evento que reunir\u00e1 los pr\u00f3ximos 3 y 4 de septiembre a 12 jinetes y m\u00e1s de 50 caballos en la playa de la propiedad californiana. Esta ser\u00e1 la primera ocasi\u00f3n que <em>Beach Polo<\/em> se jugar\u00e1 en la costa oeste.<\/p>\n<p>La Isla del Coronado y este deporte comparten historias en com\u00fan desde principios del siglo XX. La famosa <em>Spreckels Cup<\/em> se jug\u00f3 por primera ocasi\u00f3n en esta zona en 1909 bajo el nombre <em>Polo Challenge<\/em>. Quiz\u00e1s los tiempos han cambiado, pero la acci\u00f3n del polo se mantiene intacta. La misma emoci\u00f3n de hace 100 a\u00f1os se siente a\u00fan al ver a los jinetes cabalgar en sus corceles a 56 kil\u00f3metros por hora tratando de anotar.<\/p>\n<p>El espect\u00e1culo del deporte, el hist\u00f3rico Hotel del Coronado y el oc\u00e9ano otorgan el ambiente perfecto para vivir un fin de semana memorable. Los asistentes podr\u00e1n disfrutar de dos juegos de polo al d\u00eda, una recepci\u00f3n con los jugadores, un <em>lunch<\/em> gourmet cortes\u00eda de <em>The Del<\/em>, desfile de modas organizado por <em>Grayse,<\/em> concurso de sombreros y mucho m\u00e1s.<\/p>\n<p>Los d\u00edas del evento se colocar\u00e1 un carpa VIP dividida en tres terrazas: La primera, \u201cMillionaire\u2019s Row\u201d<em>,<\/em> constar\u00e1 de 15 salas completas con sof\u00e1s blancos de piel y sillas. En la segunda se llevar\u00e1 a cabo la cena cortes\u00eda de <em>The Del<\/em> para un m\u00e1ximo de 400 personas. En la tercera, \u201cPolo Village\u201d, los patrocinadores del torneo (Hotel del Coronado, Ermenegildo Zegna, <em>Grayse, Porsche of San Diego, Silver Seas Yachts<\/em>, Polo America y <em>Coronado Tourism Improvement District<\/em>, dar\u00e1n a conocer y ofrecer\u00e1n sus productos y servicios.<\/p>\n<p>Las ganancias generadas durante el <em>Beach Polo<\/em> ser\u00e1n destinadas al <em>Rady Children\u2019s Hospital<\/em>. El complejo de 520 habitaciones es la principal fuente de servicios pedi\u00e1tricos integrales en San Diego, la zona sur de <em>Riverside<\/em> y los condados Imperial. <em>Rady Children\u2019s<\/em> es el \u00fanico hospital de la zona dedicado exclusivamente al cuidado de ni\u00f1os y designado como centro de trauma pedi\u00e1trico.<\/p>\n<p>Los boletos para <em>Beach Polo<\/em> tienen un costo de 250 d\u00f3lares por persona y est\u00e1n a la venta llamando al n\u00famero (760) 668-6093 o ingresando a <a href=\"http:\/\/www.poloamerica.com\/\" target=\"_blank\">www.poloamerica.com<\/a>. Paquetes de alojamiento para vivir la experiencia The Del disponibles llamando al 1.800.HOTELDEL.<\/p>\n<p><em><a href=\"mailto:victoriagprado@gmail.com\" target=\"_blank\">victoriagprado@gmail.com<\/a><\/em><br \/>\n<em> Twitter: <a href=\"https:\/\/twitter.com\/victoriagprado\" target=\"_blank\">@victoriagprado<\/a><\/em><\/p>\n","protected":false},"excerpt":{"rendered":"<p>Con la finalidad de promover los servicios a\u00e9reos entre Dallas-Fort Worth y M\u00e9xico y, fortalecer las relaciones diplom\u00e1ticas, culturales y de negocios, los alcaldes de Dallas y Fort Worth encabezaron la misi\u00f3n que visit\u00f3 la Ciudad de M\u00e9xico.<\/p>\n","protected":false},"author":3,"featured_media":283017,"comment_status":"open","ping_status":"open","sticky":false,"template":"","format":"standard","meta":{"_monsterinsights_skip_tracking":false,"_monsterinsights_sitenote_active":false,"_monsterinsights_sitenote_note":"","_monsterinsights_sitenote_category":0,"footnotes":""},"categories":[11],"tags":[107,43674,43681,106],"class_list":["post-282955","post","type-post","status-publish","format-standard","has-post-thumbnail","hentry","category-turismo","tag-de-cinco-estrellas","tag-opinion","tag-turismo","tag-victoria-gonzalez-prado"],"_links":{"self":[{"href":"https:\/\/www.diarioimagen.net\/index.php?rest_route=\/wp\/v2\/posts\/282955","targetHints":{"allow":["GET"]}}],"collection":[{"href":"https:\/\/www.diarioimagen.net\/index.php?rest_route=\/wp\/v2\/posts"}],"about":[{"href":"https:\/\/www.diarioimagen.net\/index.php?rest_route=\/wp\/v2\/types\/post"}],"author":[{"embeddable":true,"href":"https:\/\/www.diarioimagen.net\/index.php?rest_route=\/wp\/v2\/users\/3"}],"replies":[{"embeddable":true,"href":"https:\/\/www.diarioimagen.net\/index.php?rest_route=%2Fwp%2Fv2%2Fcomments&post=282955"}],"version-history":[{"count":0,"href":"https:\/\/www.diarioimagen.net\/index.php?rest_route=\/wp\/v2\/posts\/282955\/revisions"}],"wp:featuredmedia":[{"embeddable":true,"href":"https:\/\/www.diarioimagen.net\/index.php?rest_route=\/wp\/v2\/media\/283017"}],"wp:attachment":[{"href":"https:\/\/www.diarioimagen.net\/index.php?rest_route=%2Fwp%2Fv2%2Fmedia&parent=282955"}],"wp:term":[{"taxonomy":"category","embeddable":true,"href":"https:\/\/www.diarioimagen.net\/index.php?rest_route=%2Fwp%2Fv2%2Fcategories&post=282955"},{"taxonomy":"post_tag","embeddable":true,"href":"https:\/\/www.diarioimagen.net\/index.php?rest_route=%2Fwp%2Fv2%2Ftags&post=282955"}],"curies":[{"name":"wp","href":"https:\/\/api.w.org\/{rel}","templated":true}]}}