{"id":283104,"date":"2016-08-08T23:50:00","date_gmt":"2016-08-09T04:50:00","guid":{"rendered":"http:\/\/www.diarioimagen.net\/?p=283104"},"modified":"2016-08-09T07:56:21","modified_gmt":"2016-08-09T12:56:21","slug":"carlos-marin-de-il-divo-ofrecera-su-lado-solista","status":"publish","type":"post","link":"https:\/\/www.diarioimagen.net\/?p=283104","title":{"rendered":"Carlos Mar\u00edn de Il Divo, ofrecer\u00e1 su lado solista"},"content":{"rendered":"<ul>\n<li><em><strong>Realizar\u00e1 una presentaci\u00f3n en el Teatro Metrop\u00f3litan el 25 de noviembre<\/strong><\/em><\/li>\n<\/ul>\n<p>&nbsp;<\/p>\n<div id=\"attachment_283105\" style=\"width: 373px\" class=\"wp-caption aligncenter\"><a href=\"http:\/\/www.diarioimagen.net\/?attachment_id=283105\" rel=\"attachment wp-att-283105\"><img loading=\"lazy\" decoding=\"async\" aria-describedby=\"caption-attachment-283105\" class=\"size-large wp-image-283105\" src=\"http:\/\/www.diarioimagen.net\/wp-content\/uploads\/2016\/08\/carlos-marin-poortal-363x420.jpg\" alt=\"Carlos Mar\u00edn ofrecer\u00e1 un gran espect\u00e1culo al puro estilo de Las Vegas.\" width=\"363\" height=\"420\" srcset=\"https:\/\/www.diarioimagen.net\/wp-content\/uploads\/2016\/08\/carlos-marin-poortal-363x420.jpg 363w, https:\/\/www.diarioimagen.net\/wp-content\/uploads\/2016\/08\/carlos-marin-poortal-208x240.jpg 208w, https:\/\/www.diarioimagen.net\/wp-content\/uploads\/2016\/08\/carlos-marin-poortal.jpg 700w\" sizes=\"auto, (max-width: 363px) 100vw, 363px\" \/><\/a><p id=\"caption-attachment-283105\" class=\"wp-caption-text\">Carlos Mar\u00edn ofrecer\u00e1 un gran espect\u00e1culo al puro estilo de Las Vegas.<\/p><\/div>\n<p>&nbsp;<\/p>\n<p>Carlos Mar\u00edn, reconocido en el mundo como la principal voz de Il Divo, ofrecer\u00e1 una presentaci\u00f3n como solista el pr\u00f3ximo 25 de noviembre en el Teatro Metrop\u00f3litan. El cantante espa\u00f1ol trae su espect\u00e1culo para agasajar a sus admiradoras, quienes ya lo han ubicado como solista, gracias a Entr\u00e9gate, tema central de la telenovela Las amazonas, con el que comparte cr\u00e9ditos con la cantante Innocence.<\/p>\n<p>En esta etapa, Carlos ofrecer\u00e1 un gran espect\u00e1culo al puro estilo de Las Vegas, acompa\u00f1ado de una impresionante Big Band, conformada por 20 m\u00fasicos, adem\u00e1s de 12 bailarines, con los que interpretar\u00e1 los inolvidables temas de las grandes producciones de Broadway, adem\u00e1s de algunos de los temas m\u00e1s emblem\u00e1ticos de las cintas de Hollywood y hasta har\u00e1 un recorrido por los boleros. Sin duda, un espect\u00e1culo inolvidable arropado por su impresionante voz.<\/p>\n<p>Cabe destacar que este espect\u00e1culo forma parte del DVD que est\u00e1 promocionando y que sali\u00f3 a la luz penas en junio pasado con un enorme \u00e9xito. La cita es este 25 de noviembre en el Teatro Metrop\u00f3litan. La preventa Banamex para ser testigo de este magn\u00edfico show se llevar\u00e1 a cabo el 18 y 19 de agosto. Y un d\u00eda m\u00e1s tarde, los boletos estar\u00e1n disponibles en las taquillas del inmueble, sistema ticketmaster y en el sitio web <a href=\"http:\/\/www.ticketmaster.com.mx\">www.ticketmaster.com.mx<\/a>.<\/p>\n","protected":false},"excerpt":{"rendered":"<p>Carlos Mar\u00edn, reconocido en el mundo como la principal voz de Il Divo, ofrecer\u00e1 una presentaci\u00f3n como solista el pr\u00f3ximo 25 de noviembre en el Teatro Metrop\u00f3litan. El cantante espa\u00f1ol trae su espect\u00e1culo para agasajar a sus admiradoras, quienes ya lo han ubicado como solista, gracias a Entr\u00e9gate, tema central de la telenovela Las amazonas, con el que comparte cr\u00e9ditos con la cantante Innocence.<\/p>\n","protected":false},"author":5,"featured_media":283106,"comment_status":"open","ping_status":"open","sticky":false,"template":"","format":"standard","meta":{"_monsterinsights_skip_tracking":false,"_monsterinsights_sitenote_active":false,"_monsterinsights_sitenote_note":"","_monsterinsights_sitenote_category":0,"footnotes":""},"categories":[17,12],"tags":[43682,49220,6425],"class_list":["post-283104","post","type-post","status-publish","format-standard","has-post-thumbnail","hentry","category-especiales","category-espectaculos","tag-espectaculos","tag-il-divo","tag-teatro-metropolitan"],"_links":{"self":[{"href":"https:\/\/www.diarioimagen.net\/index.php?rest_route=\/wp\/v2\/posts\/283104","targetHints":{"allow":["GET"]}}],"collection":[{"href":"https:\/\/www.diarioimagen.net\/index.php?rest_route=\/wp\/v2\/posts"}],"about":[{"href":"https:\/\/www.diarioimagen.net\/index.php?rest_route=\/wp\/v2\/types\/post"}],"author":[{"embeddable":true,"href":"https:\/\/www.diarioimagen.net\/index.php?rest_route=\/wp\/v2\/users\/5"}],"replies":[{"embeddable":true,"href":"https:\/\/www.diarioimagen.net\/index.php?rest_route=%2Fwp%2Fv2%2Fcomments&post=283104"}],"version-history":[{"count":0,"href":"https:\/\/www.diarioimagen.net\/index.php?rest_route=\/wp\/v2\/posts\/283104\/revisions"}],"wp:featuredmedia":[{"embeddable":true,"href":"https:\/\/www.diarioimagen.net\/index.php?rest_route=\/wp\/v2\/media\/283106"}],"wp:attachment":[{"href":"https:\/\/www.diarioimagen.net\/index.php?rest_route=%2Fwp%2Fv2%2Fmedia&parent=283104"}],"wp:term":[{"taxonomy":"category","embeddable":true,"href":"https:\/\/www.diarioimagen.net\/index.php?rest_route=%2Fwp%2Fv2%2Fcategories&post=283104"},{"taxonomy":"post_tag","embeddable":true,"href":"https:\/\/www.diarioimagen.net\/index.php?rest_route=%2Fwp%2Fv2%2Ftags&post=283104"}],"curies":[{"name":"wp","href":"https:\/\/api.w.org\/{rel}","templated":true}]}}