{"id":283136,"date":"2016-08-09T00:09:47","date_gmt":"2016-08-09T05:09:47","guid":{"rendered":"http:\/\/www.diarioimagen.net\/?p=283136"},"modified":"2016-08-09T05:17:03","modified_gmt":"2016-08-09T10:17:03","slug":"mayor-seguridad-para-peregrinos","status":"publish","type":"post","link":"https:\/\/www.diarioimagen.net\/?p=283136","title":{"rendered":"Mayor seguridad para peregrinos"},"content":{"rendered":"<h2>Arco Norte<\/h2>\n<h5>Jos\u00e9 Luis Monta\u00f1ez Aguilar<\/h5>\n<p>&nbsp;<\/p>\n<div id=\"attachment_283233\" style=\"width: 430px\" class=\"wp-caption aligncenter\"><a href=\"http:\/\/www.diarioimagen.net\/?attachment_id=283233\" rel=\"attachment wp-att-283233\"><img loading=\"lazy\" decoding=\"async\" aria-describedby=\"caption-attachment-283233\" class=\"size-large wp-image-283233\" src=\"http:\/\/www.diarioimagen.net\/wp-content\/uploads\/2016\/08\/eruviel-1-2928-420x236.jpg\" alt=\"Eruviel \u00c1vila - Inaugurando el Andador Ocuilan\u2013Chalma.\" width=\"420\" height=\"236\" srcset=\"https:\/\/www.diarioimagen.net\/wp-content\/uploads\/2016\/08\/eruviel-1-2928-420x236.jpg 420w, https:\/\/www.diarioimagen.net\/wp-content\/uploads\/2016\/08\/eruviel-1-2928-240x135.jpg 240w, https:\/\/www.diarioimagen.net\/wp-content\/uploads\/2016\/08\/eruviel-1-2928-480x270.jpg 480w, https:\/\/www.diarioimagen.net\/wp-content\/uploads\/2016\/08\/eruviel-1-2928-235x132.jpg 235w, https:\/\/www.diarioimagen.net\/wp-content\/uploads\/2016\/08\/eruviel-1-2928-202x114.jpg 202w, https:\/\/www.diarioimagen.net\/wp-content\/uploads\/2016\/08\/eruviel-1-2928-350x196.jpg 350w, https:\/\/www.diarioimagen.net\/wp-content\/uploads\/2016\/08\/eruviel-1-2928-220x123.jpg 220w, https:\/\/www.diarioimagen.net\/wp-content\/uploads\/2016\/08\/eruviel-1-2928-237x132.jpg 237w, https:\/\/www.diarioimagen.net\/wp-content\/uploads\/2016\/08\/eruviel-1-2928.jpg 700w\" sizes=\"auto, (max-width: 420px) 100vw, 420px\" \/><\/a><p id=\"caption-attachment-283233\" class=\"wp-caption-text\">Eruviel \u00c1vila &#8211; Inaugurando el Andador Ocuilan\u2013Chalma.<\/p><\/div>\n<p>&nbsp;<\/p>\n<p>Para ofrecer mayor seguridad en su trayecto a los m\u00e1s de 7 millones de peregrinos que en promedio acuden cada a\u00f1o al Santuario de Chalma, el gobernador Eruviel \u00c1vila Villegas y el secretario federal de Turismo, Enrique de la Madrid Cordero, entregaron el Andador Ocuilan\u2013Chalma, que a lo largo de 2.6 kil\u00f3metros tendr\u00e1 servicios como alimentaci\u00f3n, sanitarios, hospedaje, zona de descanso y estacionamiento.<\/p>\n<p>En presencia de habitantes, empresarios y artesanos del municipio de Ocuilan, el mandatario mexiquense se\u00f1al\u00f3 que los trabajos realizados tambi\u00e9n benefician a los habitantes y prestadores de servicios tur\u00edsticos, debido a que traer\u00e1n mayor derrama econ\u00f3mica.<\/p>\n<p>\u00c1vila Villegas detall\u00f3 que con una inversi\u00f3n de 37 millones de pesos, se realizaron trabajos de mejoramiento de los accesos y salidas con los que cuenta el sendero, colocaci\u00f3n de empedrado en 2.6 kil\u00f3metros, barandales para protecci\u00f3n de los usuarios, construcci\u00f3n de \u00e1reas de descanso e iluminaci\u00f3n; adem\u00e1s, para los visitantes al Ahuehuete, fue construido un estacionamiento con 200 cajones, el cual cuenta con una \u00e1rea administrativa y locales para venta de artesan\u00edas y gastronom\u00eda.<\/p>\n<p style=\"text-align: center;\"><strong>Becas para hijos de trabajadores<\/strong><\/p>\n<p>Gracias al apoyo del Programa de Becas del Gobierno del Estado de M\u00e9xico para Hijos de Trabajadores se apoya el derecho a la educaci\u00f3n de m\u00e1s de 7 mil estudiantes mexiquenses de preescolar, primaria, secundaria, bachillerato y licenciatura. Carolina Alan\u00eds Moreno, directora general del DIF mexiquense y presidenta del Gabinete Regional XVII, afirm\u00f3 que como reconocimiento al esfuerzo de los escolares que han logrado buenos promedios, en una primera etapa se entregaron mil 400 becas. Destac\u00f3 que por parte del gobierno estatal se han distribuido vales de \u00fatiles escolares en escuelas p\u00fablicas y para este quinto a\u00f1o de la administraci\u00f3n estatal, se continuar\u00e1 con la entrega de zapatos y tenis ortop\u00e9dicos a estudiantes de 4 a 7 a\u00f1os 11 meses de edad, para revertir alg\u00fan padecimiento plantar, corregir problemas de postura y favorecer la econom\u00eda de los padres.<\/p>\n<p style=\"text-align: center;\"><strong>Operativos en Ecatepec<\/strong><\/p>\n<p>Personal de la Procuradur\u00eda General de Justicia del Estado de M\u00e9xico (PGJEM), en coordinaci\u00f3n con elementos de la Base de Operaciones Mixtas (BOM) integrada por autoridades federales, estatales y municipales, realizan operativos en distintos puntos del municipio de Ecatepec, donde fueron revisadas personas y veh\u00edculos, adem\u00e1s detuvieron a 15 individuos se\u00f1alados como probables responsables de delitos contra la salud, as\u00ed como de encubrimiento por receptaci\u00f3n.<\/p>\n<p>Adem\u00e1s, durante los operativos se revisaron 702 veh\u00edculos y 522 personas, se iniciaron 13 denuncias ciudadanas por diversos delitos y dos individuos fueron remitidos ante el oficial calificador. Tambi\u00e9n fueron detenidas 15 personas, 14 de ellas por delitos contra la salud, ya que al momento del operativo llevaban consigo envoltorios al parecer con estupefacientes, y una por el delito de encubrimiento por receptaci\u00f3n, pues viajaba bordo de un veh\u00edculo con reporte de robo.<\/p>\n<p><em><a href=\"mailto:montanezaguilar@gmail.com\" target=\"_blank\">montanezaguilar@gmail.com<\/a><\/em><\/p>\n","protected":false},"excerpt":{"rendered":"<p><span style=\"color: #005497;\">Jos\u00e9 Luis Monta\u00f1ez Aguilar<\/span><br \/>\n<br \/>\nPara ofrecer mayor seguridad en su trayecto a los m\u00e1s de 7 millones de peregrinos que en promedio acuden cada a\u00f1o al Santuario de Chalma, el gobernador Eruviel \u00c1vila Villegas y el secretario federal de Turismo, Enrique de la Madrid Cordero, entregaron el Andador Ocuilan\u2013Chalma, que a lo largo de 2.6 kil\u00f3metros tendr\u00e1 servicios como alimentaci\u00f3n, sanitarios, hospedaje, zona de descanso y estacionamiento.<\/p>\n","protected":false},"author":3,"featured_media":283233,"comment_status":"open","ping_status":"open","sticky":false,"template":"","format":"standard","meta":{"_monsterinsights_skip_tracking":false,"_monsterinsights_sitenote_active":false,"_monsterinsights_sitenote_note":"","_monsterinsights_sitenote_category":0,"footnotes":""},"categories":[5],"tags":[13284,43704,43674],"class_list":["post-283136","post","type-post","status-publish","format-standard","has-post-thumbnail","hentry","category-estado-de-mexico","tag-arco-norte","tag-jose-luis-montanez-aguilar","tag-opinion"],"_links":{"self":[{"href":"https:\/\/www.diarioimagen.net\/index.php?rest_route=\/wp\/v2\/posts\/283136","targetHints":{"allow":["GET"]}}],"collection":[{"href":"https:\/\/www.diarioimagen.net\/index.php?rest_route=\/wp\/v2\/posts"}],"about":[{"href":"https:\/\/www.diarioimagen.net\/index.php?rest_route=\/wp\/v2\/types\/post"}],"author":[{"embeddable":true,"href":"https:\/\/www.diarioimagen.net\/index.php?rest_route=\/wp\/v2\/users\/3"}],"replies":[{"embeddable":true,"href":"https:\/\/www.diarioimagen.net\/index.php?rest_route=%2Fwp%2Fv2%2Fcomments&post=283136"}],"version-history":[{"count":0,"href":"https:\/\/www.diarioimagen.net\/index.php?rest_route=\/wp\/v2\/posts\/283136\/revisions"}],"wp:featuredmedia":[{"embeddable":true,"href":"https:\/\/www.diarioimagen.net\/index.php?rest_route=\/wp\/v2\/media\/283233"}],"wp:attachment":[{"href":"https:\/\/www.diarioimagen.net\/index.php?rest_route=%2Fwp%2Fv2%2Fmedia&parent=283136"}],"wp:term":[{"taxonomy":"category","embeddable":true,"href":"https:\/\/www.diarioimagen.net\/index.php?rest_route=%2Fwp%2Fv2%2Fcategories&post=283136"},{"taxonomy":"post_tag","embeddable":true,"href":"https:\/\/www.diarioimagen.net\/index.php?rest_route=%2Fwp%2Fv2%2Ftags&post=283136"}],"curies":[{"name":"wp","href":"https:\/\/api.w.org\/{rel}","templated":true}]}}