{"id":283143,"date":"2016-08-09T00:05:04","date_gmt":"2016-08-09T05:05:04","guid":{"rendered":"http:\/\/www.diarioimagen.net\/?p=283143"},"modified":"2016-08-09T05:29:35","modified_gmt":"2016-08-09T10:29:35","slug":"entrega-david-sanchez-isidoro-mas-apoyos-a-grupos-vulnerables","status":"publish","type":"post","link":"https:\/\/www.diarioimagen.net\/?p=283143","title":{"rendered":"Entrega David S\u00e1nchez Isidoro m\u00e1s apoyos a grupos vulnerables"},"content":{"rendered":"<ul>\n<li><strong><em>Gira por el municipio de Coacalco<\/em><\/strong><\/li>\n<\/ul>\n<p>&nbsp;<\/p>\n<div id=\"attachment_283243\" style=\"width: 430px\" class=\"wp-caption aligncenter\"><a href=\"http:\/\/www.diarioimagen.net\/?attachment_id=283243\" rel=\"attachment wp-att-283243\"><img loading=\"lazy\" decoding=\"async\" aria-describedby=\"caption-attachment-283243\" class=\"size-large wp-image-283243\" src=\"http:\/\/www.diarioimagen.net\/wp-content\/uploads\/2016\/08\/COACALCO-2928-420x236.jpg\" alt=\"El diputado pri\u00edsta, David S\u00e1nchez Isidoro, hizo entrega de apoyos a grupos vulnerables e instituciones educativas.\" width=\"420\" height=\"236\" srcset=\"https:\/\/www.diarioimagen.net\/wp-content\/uploads\/2016\/08\/COACALCO-2928-420x236.jpg 420w, https:\/\/www.diarioimagen.net\/wp-content\/uploads\/2016\/08\/COACALCO-2928-240x135.jpg 240w, https:\/\/www.diarioimagen.net\/wp-content\/uploads\/2016\/08\/COACALCO-2928-480x270.jpg 480w, https:\/\/www.diarioimagen.net\/wp-content\/uploads\/2016\/08\/COACALCO-2928-235x132.jpg 235w, https:\/\/www.diarioimagen.net\/wp-content\/uploads\/2016\/08\/COACALCO-2928-202x114.jpg 202w, https:\/\/www.diarioimagen.net\/wp-content\/uploads\/2016\/08\/COACALCO-2928-350x196.jpg 350w, https:\/\/www.diarioimagen.net\/wp-content\/uploads\/2016\/08\/COACALCO-2928-220x123.jpg 220w, https:\/\/www.diarioimagen.net\/wp-content\/uploads\/2016\/08\/COACALCO-2928-237x132.jpg 237w, https:\/\/www.diarioimagen.net\/wp-content\/uploads\/2016\/08\/COACALCO-2928.jpg 723w\" sizes=\"auto, (max-width: 420px) 100vw, 420px\" \/><\/a><p id=\"caption-attachment-283243\" class=\"wp-caption-text\">El diputado pri\u00edsta, David S\u00e1nchez Isidoro, hizo entrega de apoyos a grupos vulnerables e instituciones educativas.<\/p><\/div>\n<p>&nbsp;<\/p>\n<p><strong>Coacalco, Estado de M\u00e9xico<\/strong>.- El diputado federal por el distrito 6 (Coacalco-Tultepec), David S\u00e1nchez Isidoro, asegur\u00f3 no ha quitado el \u201cdedo del rengl\u00f3n\u201d para presentar al pleno de la C\u00e1mara de Diputados la iniciativa para mejorar las condiciones de trabajo de los artesanos de la pirotecnia; como, tampoco, lo ha hecho para la iniciativa en la cual se pretende condonar el consumo de energ\u00eda el\u00e9ctrica de escuelas p\u00fablicas.<\/p>\n<p>Durante una gira de trabajo por el municipio de\u00a0Coacalco, donde el legislador del PRI hizo entrega de apoyos a grupos vulnerables e instituciones educativas, ratific\u00f3 su inter\u00e9s para continuar impulsando las modificaciones a la Ley de Armas de Fuego que mejore las condiciones de competitividad de los pirot\u00e9cnicos de Tultepec y del estado.<\/p>\n<p>Para el pr\u00f3ximo periodo de trabajo de la C\u00e1mara baja, el diputado David S\u00e1nchez planea impulsar ambas iniciativas; adem\u00e1s de todo el trabajo legislativo como parte de la bancada del PRI.<\/p>\n<p>Sobre la iniciativa sobre temas de pirotecnia, David S\u00e1nchez dijo que se decidi\u00f3 retirarla para flexibilizar y, sobre todo, para que m\u00e1s artesanos de esta industria se involucren en su discusi\u00f3n y elaboraci\u00f3n.<\/p>\n<p>&nbsp;<\/p>\n","protected":false},"excerpt":{"rendered":"<p>El diputado federal por el distrito 6 (Coacalco-Tultepec), David S\u00e1nchez Isidoro, asegur\u00f3 no ha quitado el \u201cdedo del rengl\u00f3n\u201d para presentar al pleno de la C\u00e1mara de Diputados la iniciativa para mejorar las condiciones de trabajo de los artesanos de la pirotecnia; como, tampoco, lo ha hecho para la iniciativa en la cual se pretende condonar el consumo de energ\u00eda el\u00e9ctrica de escuelas p\u00fablicas.<\/p>\n","protected":false},"author":3,"featured_media":283243,"comment_status":"open","ping_status":"open","sticky":false,"template":"","format":"standard","meta":{"_monsterinsights_skip_tracking":false,"_monsterinsights_sitenote_active":false,"_monsterinsights_sitenote_note":"","_monsterinsights_sitenote_category":0,"footnotes":""},"categories":[35155],"tags":[2701,579,43675,22417],"class_list":["post-283143","post","type-post","status-publish","format-standard","has-post-thumbnail","hentry","category-estado-de-mexico-estado-de-mexico","tag-apoyo","tag-coacalco","tag-estado-de-mexico","tag-vulnerables"],"_links":{"self":[{"href":"https:\/\/www.diarioimagen.net\/index.php?rest_route=\/wp\/v2\/posts\/283143","targetHints":{"allow":["GET"]}}],"collection":[{"href":"https:\/\/www.diarioimagen.net\/index.php?rest_route=\/wp\/v2\/posts"}],"about":[{"href":"https:\/\/www.diarioimagen.net\/index.php?rest_route=\/wp\/v2\/types\/post"}],"author":[{"embeddable":true,"href":"https:\/\/www.diarioimagen.net\/index.php?rest_route=\/wp\/v2\/users\/3"}],"replies":[{"embeddable":true,"href":"https:\/\/www.diarioimagen.net\/index.php?rest_route=%2Fwp%2Fv2%2Fcomments&post=283143"}],"version-history":[{"count":0,"href":"https:\/\/www.diarioimagen.net\/index.php?rest_route=\/wp\/v2\/posts\/283143\/revisions"}],"wp:featuredmedia":[{"embeddable":true,"href":"https:\/\/www.diarioimagen.net\/index.php?rest_route=\/wp\/v2\/media\/283243"}],"wp:attachment":[{"href":"https:\/\/www.diarioimagen.net\/index.php?rest_route=%2Fwp%2Fv2%2Fmedia&parent=283143"}],"wp:term":[{"taxonomy":"category","embeddable":true,"href":"https:\/\/www.diarioimagen.net\/index.php?rest_route=%2Fwp%2Fv2%2Fcategories&post=283143"},{"taxonomy":"post_tag","embeddable":true,"href":"https:\/\/www.diarioimagen.net\/index.php?rest_route=%2Fwp%2Fv2%2Ftags&post=283143"}],"curies":[{"name":"wp","href":"https:\/\/api.w.org\/{rel}","templated":true}]}}