{"id":283170,"date":"2016-08-09T00:02:11","date_gmt":"2016-08-09T05:02:11","guid":{"rendered":"http:\/\/www.diarioimagen.net\/?p=283170"},"modified":"2016-08-10T01:35:57","modified_gmt":"2016-08-10T06:35:57","slug":"afores-un-estabilizador-del-sistema-financiero","status":"publish","type":"post","link":"https:\/\/www.diarioimagen.net\/?p=283170","title":{"rendered":"Afores, un estabilizador del sistema financiero"},"content":{"rendered":"<ul>\n<li><strong><em>Ante volatilidad global<\/em><\/strong><\/li>\n<\/ul>\n<p>&nbsp;<\/p>\n<div id=\"attachment_283279\" style=\"width: 430px\" class=\"wp-caption aligncenter\"><a href=\"http:\/\/www.diarioimagen.net\/?attachment_id=283279\" rel=\"attachment wp-att-283279\"><img loading=\"lazy\" decoding=\"async\" aria-describedby=\"caption-attachment-283279\" class=\"size-large wp-image-283279\" src=\"http:\/\/www.diarioimagen.net\/wp-content\/uploads\/2016\/08\/AFORES-2928-420x236.jpg\" alt=\"Las Afores se constituyen como un \u201cestabilizador natural\u201d del sistema financiero mexicano.\" width=\"420\" height=\"236\" srcset=\"https:\/\/www.diarioimagen.net\/wp-content\/uploads\/2016\/08\/AFORES-2928-420x236.jpg 420w, https:\/\/www.diarioimagen.net\/wp-content\/uploads\/2016\/08\/AFORES-2928-240x135.jpg 240w, https:\/\/www.diarioimagen.net\/wp-content\/uploads\/2016\/08\/AFORES-2928-235x132.jpg 235w, https:\/\/www.diarioimagen.net\/wp-content\/uploads\/2016\/08\/AFORES-2928-202x114.jpg 202w, https:\/\/www.diarioimagen.net\/wp-content\/uploads\/2016\/08\/AFORES-2928-350x196.jpg 350w, https:\/\/www.diarioimagen.net\/wp-content\/uploads\/2016\/08\/AFORES-2928-220x123.jpg 220w, https:\/\/www.diarioimagen.net\/wp-content\/uploads\/2016\/08\/AFORES-2928-237x132.jpg 237w, https:\/\/www.diarioimagen.net\/wp-content\/uploads\/2016\/08\/AFORES-2928.jpg 480w\" sizes=\"auto, (max-width: 420px) 100vw, 420px\" \/><\/a><p id=\"caption-attachment-283279\" class=\"wp-caption-text\">Las Afores se constituyen como un \u201cestabilizador natural\u201d del sistema financiero mexicano.<\/p><\/div>\n<p>&nbsp;<\/p>\n<p>Durante periodos de volatilidad en los mercados, las Administradoras de Fondos para el Retiro (Afore) se constituyen como un \u201cestabilizador natural\u201d del sistema financiero, porque contribuyen a que se reduzca la salida de capitales del pa\u00eds.<\/p>\n<p>As\u00ed lo asegur\u00f3 el presidente de la Asociaci\u00f3n Mexicana de Administradoras de Fondos para el Retiro (Amafore), Carlos Noriega Curtis, quien explic\u00f3 que el Sistema de Ahorro para el Retiro (SAR) genera que los inversionistas mantengan o inviertan m\u00e1s en bonos de gobierno, lo que contribuye a mejorar los rendimientos del trabajador.<\/p>\n<p>\u201cJustamente, cuando hay volatilidad en tipo de cambio, en tasas de inter\u00e9s, las Afore, en su af\u00e1n de lograr los mejores rendimientos en el largo plazo, se constituyen probablemente en el estabilizador natural de los sistemas financieros\u201d, dijo durante la presentaci\u00f3n de la primera Convenci\u00f3n Nacional de Afore del pa\u00eds.<\/p>\n<p>Explic\u00f3 que durante los periodos de volatilidad los ahorradores de corto plazo buscan la seguridad y eso genera que salgan capitales de algunos pa\u00edses, para llevar esos recursos a instrumentos como los bonos del Tesoro de Estados Unidos o mercados como Suiza donde, incluso, pagan tasas de inter\u00e9s negativas.<\/p>\n<p>\u201cAqu\u00ed en M\u00e9xico, al contrario, las Afore, teniendo una visi\u00f3n de largo plazo, se quedan en M\u00e9xico y mantienen sus tenencias de bonos gubernamentales.<\/p>\n<p>\u201cEl hecho de que el Banco de M\u00e9xico haya aumentado las tasas de inter\u00e9s ya dos veces no ha sido raz\u00f3n para salir del pa\u00eds, es m\u00e1s bien la raz\u00f3n para invertir m\u00e1s en estos bonos gubernamentales que van a dar en el futuro un mejor rendimiento\u201d, asegur\u00f3.<\/p>\n<p>Indic\u00f3 en conferencia de prensa que otro factor que determina el desempe\u00f1o de las Afore es su rendimiento, que durante julio tuvo su segundo mejor ganancia mensual del a\u00f1o, de 1.67 por ciento, despu\u00e9s de que en marzo pasado alcanz\u00f3 1.79 por ciento.<\/p>\n<p>En su rendimiento hist\u00f3rico, durante los 19 a\u00f1os del sistema, el retorno fue de 11.90 por ciento nominal anual promedio y 5.96 por ciento real anual promedio al t\u00e9rmino de julio pasado.<\/p>\n<p>Al s\u00e9ptimo mes del presente a\u00f1o, el SAR alcanz\u00f3 un saldo r\u00e9cord de dos billones 763 mil 745 millones de pesos, su mayor nivel registrado hasta ahora.<\/p>\n<p>En este sentido, Noriega Curtis coment\u00f3 que las Afore est\u00e1n destinadas a convertirse en el inversionista institucional m\u00e1s importante del pa\u00eds.<\/p>\n<p>&nbsp;<\/p>\n","protected":false},"excerpt":{"rendered":"<p>Durante periodos de volatilidad en los mercados, las Administradoras de Fondos para el Retiro (Afore) se constituyen como un \u201cestabilizador natural\u201d del sistema financiero, porque contribuyen a que se reduzca la salida de capitales del pa\u00eds.<\/p>\n","protected":false},"author":3,"featured_media":283279,"comment_status":"open","ping_status":"open","sticky":false,"template":"","format":"standard","meta":{"_monsterinsights_skip_tracking":false,"_monsterinsights_sitenote_active":false,"_monsterinsights_sitenote_note":"","_monsterinsights_sitenote_category":0,"footnotes":""},"categories":[8],"tags":[5390,42514],"class_list":["post-283170","post","type-post","status-publish","format-standard","has-post-thumbnail","hentry","category-finanzas","tag-afore","tag-sar"],"_links":{"self":[{"href":"https:\/\/www.diarioimagen.net\/index.php?rest_route=\/wp\/v2\/posts\/283170","targetHints":{"allow":["GET"]}}],"collection":[{"href":"https:\/\/www.diarioimagen.net\/index.php?rest_route=\/wp\/v2\/posts"}],"about":[{"href":"https:\/\/www.diarioimagen.net\/index.php?rest_route=\/wp\/v2\/types\/post"}],"author":[{"embeddable":true,"href":"https:\/\/www.diarioimagen.net\/index.php?rest_route=\/wp\/v2\/users\/3"}],"replies":[{"embeddable":true,"href":"https:\/\/www.diarioimagen.net\/index.php?rest_route=%2Fwp%2Fv2%2Fcomments&post=283170"}],"version-history":[{"count":0,"href":"https:\/\/www.diarioimagen.net\/index.php?rest_route=\/wp\/v2\/posts\/283170\/revisions"}],"wp:featuredmedia":[{"embeddable":true,"href":"https:\/\/www.diarioimagen.net\/index.php?rest_route=\/wp\/v2\/media\/283279"}],"wp:attachment":[{"href":"https:\/\/www.diarioimagen.net\/index.php?rest_route=%2Fwp%2Fv2%2Fmedia&parent=283170"}],"wp:term":[{"taxonomy":"category","embeddable":true,"href":"https:\/\/www.diarioimagen.net\/index.php?rest_route=%2Fwp%2Fv2%2Fcategories&post=283170"},{"taxonomy":"post_tag","embeddable":true,"href":"https:\/\/www.diarioimagen.net\/index.php?rest_route=%2Fwp%2Fv2%2Ftags&post=283170"}],"curies":[{"name":"wp","href":"https:\/\/api.w.org\/{rel}","templated":true}]}}