{"id":283187,"date":"2016-08-09T00:08:20","date_gmt":"2016-08-09T05:08:20","guid":{"rendered":"http:\/\/www.diarioimagen.net\/?p=283187"},"modified":"2016-08-09T07:51:48","modified_gmt":"2016-08-09T12:51:48","slug":"cuales-seran-los-metodos","status":"publish","type":"post","link":"https:\/\/www.diarioimagen.net\/?p=283187","title":{"rendered":"\u00bfCu\u00e1les ser\u00e1n los m\u00e9todos?"},"content":{"rendered":"<h2>De frente y de perfil<\/h2>\n<h5>Ram\u00f3n Zurita Sahag\u00fan<\/h5>\n<p>&nbsp;<\/p>\n<div id=\"attachment_283284\" style=\"width: 430px\" class=\"wp-caption aligncenter\"><a href=\"http:\/\/www.diarioimagen.net\/?attachment_id=283284\" rel=\"attachment wp-att-283284\"><img loading=\"lazy\" decoding=\"async\" aria-describedby=\"caption-attachment-283284\" class=\"size-large wp-image-283284\" src=\"http:\/\/www.diarioimagen.net\/wp-content\/uploads\/2016\/08\/ZURITA-2928-420x236.jpg\" alt=\"El m\u00e9todo seleccionado todav\u00eda se encuentra lejano de su definici\u00f3n, aunque en Morena se sabe que el candidato es y ser\u00e1 Andr\u00e9s Manuel L\u00f3pez Obrador.\" width=\"420\" height=\"236\" srcset=\"https:\/\/www.diarioimagen.net\/wp-content\/uploads\/2016\/08\/ZURITA-2928-420x236.jpg 420w, https:\/\/www.diarioimagen.net\/wp-content\/uploads\/2016\/08\/ZURITA-2928-240x135.jpg 240w, https:\/\/www.diarioimagen.net\/wp-content\/uploads\/2016\/08\/ZURITA-2928-235x132.jpg 235w, https:\/\/www.diarioimagen.net\/wp-content\/uploads\/2016\/08\/ZURITA-2928-202x114.jpg 202w, https:\/\/www.diarioimagen.net\/wp-content\/uploads\/2016\/08\/ZURITA-2928-350x196.jpg 350w, https:\/\/www.diarioimagen.net\/wp-content\/uploads\/2016\/08\/ZURITA-2928-220x123.jpg 220w, https:\/\/www.diarioimagen.net\/wp-content\/uploads\/2016\/08\/ZURITA-2928-237x132.jpg 237w, https:\/\/www.diarioimagen.net\/wp-content\/uploads\/2016\/08\/ZURITA-2928.jpg 480w\" sizes=\"auto, (max-width: 420px) 100vw, 420px\" \/><\/a><p id=\"caption-attachment-283284\" class=\"wp-caption-text\">El m\u00e9todo seleccionado todav\u00eda se encuentra lejano de su definici\u00f3n, aunque en Morena se sabe que el candidato es y ser\u00e1 Andr\u00e9s Manuel L\u00f3pez Obrador.<\/p><\/div>\n<p>&nbsp;<\/p>\n<p>Hace muchos a\u00f1os, en los tiempos de partido \u00fanico, los pri\u00edstas sab\u00edan que su candidato ganar\u00eda, sin importar el nombre del postulado, ni mucho menos su procedencia.<\/p>\n<p>Los candidatos surg\u00edan de las distintas dependencias gubernamentales: \u00c1vila Camacho de Guerra y Marina; Alem\u00e1n Vald\u00e9s de Gobernaci\u00f3n, al igual que Ruiz Cortines. L\u00f3pez Mateos del Trabajo, D\u00edaz Ordaz y Echeverr\u00eda \u00c1lvarez, retomaron la tradici\u00f3n de Gobernaci\u00f3n. L\u00f3pez Portillo fue el primero del mundo financiero, la Secretar\u00eda de Hacienda, ruta que sigui\u00f3 el titular de Programaci\u00f3n y Presupuesto, De la Madrid y tambi\u00e9n Salinas de Gortari. Zedillo Ponce de Le\u00f3n fue emergente, luego de que Colosio hab\u00eda dejado la naciente Sedesol, se convirti\u00f3 en candidato y fue asesinado.<\/p>\n<p>La tradici\u00f3n pri\u00edsta se rompi\u00f3 al retomar la v\u00eda de que el secretario de Gobernaci\u00f3n fuese el nominado, ya que Labastida fue el primero de los pri\u00edstas en perder unos comicios presidenciales.<\/p>\n<p>Para entonces (2000), ya la oposici\u00f3n al PRI se encontraba plenamente identificada por los electores y gobernaban estados como Baja California, Nuevo Le\u00f3n, Guanajuato, Zacatecas, Tlaxcala, Nayarit, Quer\u00e9taro, Baja California Sur y otros m\u00e1s.<\/p>\n<p>La ciudadan\u00eda hab\u00eda entendido que su voto si era respetado y que la democracia se hab\u00eda instaurado en M\u00e9xico.<\/p>\n<p>Se cambiaron las reglas, las tradiciones y la rutina de los partidos para sacar los nombres de sus candidatos.<\/p>\n<p>Los pri\u00edstas definieron en una consulta abierta el nombre de su candidato, Roberto Madrazo Pintado, quien venci\u00f3 arrolladoramente a Everardo Moreno Cruz, luego de que un esc\u00e1ndalo sobre la procedencia de la inmensa fortuna de Arturo Montiel Rojas, lo hab\u00eda sacado de la contienda interna.<\/p>\n<p>En el PAN se decidi\u00f3 de la misma forma hacer una interna en la que Felipe Calder\u00f3n Hinojosa venci\u00f3 a varios adversarios, pero dej\u00f3 muy atr\u00e1s al favorito Santiago Creel Miranda.<\/p>\n<p>Los perredistas definieron en favor de Andr\u00e9s Manuel L\u00f3pez Obrador, luego de que Cuauht\u00e9moc C\u00e1rdenas Sol\u00f3rzano intentara una cuarta participaci\u00f3n presidencial y prefiri\u00f3 retirarse al advertir que no ser\u00eda el elegido.<\/p>\n<p>Seis a\u00f1os m\u00e1s tarde, los m\u00e9todos cambiaron en el PRI y de los dos aspirantes, uno (Manlio Fabio Beltrones), prefiri\u00f3 retirarse y dejar el campo libre para el otro (Enrique Pe\u00f1a Nieto). Por razones naturales, ya que gobernaba otro partido en lo federal (PAN) el candidato no proced\u00eda del gabinete, sino hab\u00eda dejado meses antes el gobierno del Estado de M\u00e9xico.<\/p>\n<p>Los panistas mantuvieron su tinte democr\u00e1tico y Josefina V\u00e1zquez Mota se convirti\u00f3 en su candidata despu\u00e9s de vencer a quien unas semanas antes era el entonces secretario de Hacienda, Ernesto Cordero Arroyo.<\/p>\n<p>En el PRD se efectu\u00f3 una encuesta interna, de la que nuevamente surgi\u00f3 Andr\u00e9s Manuel L\u00f3pez Obrador como candidato. El sondeo que se realiz\u00f3 consider\u00f3 la posibilidad de que Marcelo Ebrard Casaubon, entonces jefe de gobierno del Distrito Federal, fuese el candidato, pero los n\u00fameros no le favorecieron.<\/p>\n<p>Claro que en esos proceso electorales de 2006 y 2012 tambi\u00e9n participaron otros candidatos de menor peso y que quedaron sumamente rezagados de los postulados por los tres principales partidos pol\u00edticos.<\/p>\n<p>Para este 2018, no se sabe todav\u00eda que ruta seguir\u00e1n cada uno de los partidos, aunque los nombres de los aspirantes circulan abiertamente de todos los partidos y hasta los de los posibles independientes.<\/p>\n<p>El m\u00e9todo seleccionado todav\u00eda se encuentra lejano de su definici\u00f3n, aunque dentro del Movimiento de Regeneraci\u00f3n Nacional (Morena) se sabe que el candidato es y ser\u00e1 Andr\u00e9s Manuel L\u00f3pez Obrador, quien, adem\u00e1s der todo, inicia como favorito en los sondeos y encuestas de todo tipo.<\/p>\n<p>Los pri\u00edstas a\u00fan en el poder no definen c\u00f3mo ser\u00e1 su selecci\u00f3n y se considera que no habr\u00e1 sorpresas, fuera de los nombres manejados.<\/p>\n<p>Secretarios como Miguel \u00c1ngel Osorio Chong, Gobernaci\u00f3n; Luis Videgary Caso, Hacienda; Jos\u00e9 Antonio Meade, Desarrollo Social, y Aurelio Nu\u00f1o Mayer, Educaci\u00f3n P\u00fablica, son los m\u00e1s mencionados. Tambi\u00e9n se incluye en este paquete al gobernador del Estado de M\u00e9xico, Eruviel \u00c1vila Villegas.<\/p>\n<p>Los panistas tienen, por el momento, tres prospectos s\u00f3lidos, unos m\u00e1s que otros: Ricardo Anaya Cort\u00e9s, presidente nacional del partido; Rafael Moreno Valle Rosas, gobernador de Puebla y Margarita Zavala G\u00f3mez del Campo, esposa del ex presidente Felipe Calder\u00f3n Hinojosa.<\/p>\n<p>En el PRD viven la angustia de no saber qu\u00e9 hacer. Deshojan la flor para definir si van con candidato propio o se establece una alianza con otro partido (PAN) que elija al candidato presidencial.<\/p>\n<p>Los nombres de sus prospectos son: Miguel \u00c1ngel Mancera Espinosa, jefe de gobierno de la CDMX; Graco Luis Ram\u00edrez Garrido, gobernador de Morelos y Silvano Aureoles Conejo, gobernador de Michoac\u00e1n. Los tres han alzado la mano en busca la candidatura presidencial.<\/p>\n<p>Como siempre los partidos minoritarios buscar\u00e1n establecer una alianza con los grandotes, para intentar cachar votos y sobrevivir a la manutenci\u00f3n gubernamental.<\/p>\n<p>Faltan los independientes que no logran ponerse de acuerdo sobre el nombre de quien habr\u00e1n de apoyar.<\/p>\n<p>Nombres abundan, unos que quieren, otros que son considerados, pero que se reh\u00fasan, sin que se llegue a puntos de entendimiento.<\/p>\n<p>Aqu\u00ed tambi\u00e9n tendr\u00edan que buscar un m\u00e9todo para definir alrededor de cu\u00e1l de ellos se formar\u00edan los promotores de esa candidatura, mediante un gran acuerdo, en el que nadie se sienta sacrificado ni mucho menos victimizado.<\/p>\n<p>La elecci\u00f3n el 2018 se encuentra a 22 meses de distancia, pero el acelere de los partidos y los aspirantes con o sin partido hacen que la distancia no se vea tan lejana.<\/p>\n<p>El proceso electoral presidencial se encuentra en plena ebullici\u00f3n, pero entre los partidos y los probables candidatos, ya que la ciudadan\u00eda simplemente muestra desinter\u00e9s y apat\u00eda por algo que consideran tan lejano de su entorno.<\/p>\n<p><em><a href=\"mailto:ramonzurita44@hotmail.com\" target=\"_blank\">ramonzurita44@hotmail.com<\/a><\/em><br \/>\n<a href=\"mailto:%20zurita_sahagun@hotmail.com\" target=\"_blank\"><em>zurita_sahagun@hotmail.com<\/em><\/a><\/p>\n<p>&nbsp;<\/p>\n","protected":false},"excerpt":{"rendered":"<p><span style=\"color: #005497;\"><strong>Ram\u00f3n Zurita Sahag\u00fan<\/strong><\/span><br \/>\n<br \/>\nHace muchos a\u00f1os, en los tiempos de partido \u00fanico, los pri\u00edstas sab\u00edan que su candidato ganar\u00eda, sin importar el nombre del postulado, ni mucho menos su procedencia.<\/p>\n","protected":false},"author":3,"featured_media":283284,"comment_status":"open","ping_status":"open","sticky":false,"template":"","format":"standard","meta":{"_monsterinsights_skip_tracking":false,"_monsterinsights_sitenote_active":false,"_monsterinsights_sitenote_note":"","_monsterinsights_sitenote_category":0,"footnotes":""},"categories":[234],"tags":[304,43674,43687],"class_list":["post-283187","post","type-post","status-publish","format-standard","has-post-thumbnail","hentry","category-ramon-zurita-sahagun","tag-de-frente-y-de-perfil","tag-opinion","tag-ramon-zurita-sahagun"],"_links":{"self":[{"href":"https:\/\/www.diarioimagen.net\/index.php?rest_route=\/wp\/v2\/posts\/283187","targetHints":{"allow":["GET"]}}],"collection":[{"href":"https:\/\/www.diarioimagen.net\/index.php?rest_route=\/wp\/v2\/posts"}],"about":[{"href":"https:\/\/www.diarioimagen.net\/index.php?rest_route=\/wp\/v2\/types\/post"}],"author":[{"embeddable":true,"href":"https:\/\/www.diarioimagen.net\/index.php?rest_route=\/wp\/v2\/users\/3"}],"replies":[{"embeddable":true,"href":"https:\/\/www.diarioimagen.net\/index.php?rest_route=%2Fwp%2Fv2%2Fcomments&post=283187"}],"version-history":[{"count":0,"href":"https:\/\/www.diarioimagen.net\/index.php?rest_route=\/wp\/v2\/posts\/283187\/revisions"}],"wp:featuredmedia":[{"embeddable":true,"href":"https:\/\/www.diarioimagen.net\/index.php?rest_route=\/wp\/v2\/media\/283284"}],"wp:attachment":[{"href":"https:\/\/www.diarioimagen.net\/index.php?rest_route=%2Fwp%2Fv2%2Fmedia&parent=283187"}],"wp:term":[{"taxonomy":"category","embeddable":true,"href":"https:\/\/www.diarioimagen.net\/index.php?rest_route=%2Fwp%2Fv2%2Fcategories&post=283187"},{"taxonomy":"post_tag","embeddable":true,"href":"https:\/\/www.diarioimagen.net\/index.php?rest_route=%2Fwp%2Fv2%2Ftags&post=283187"}],"curies":[{"name":"wp","href":"https:\/\/api.w.org\/{rel}","templated":true}]}}