{"id":283302,"date":"2016-08-09T13:30:58","date_gmt":"2016-08-09T18:30:58","guid":{"rendered":"http:\/\/www.diarioimagen.net\/?p=283302"},"modified":"2016-08-11T00:19:33","modified_gmt":"2016-08-11T05:19:33","slug":"invitan-a-los-mexiquenses-a-la-filem-2016-en-toluca","status":"publish","type":"post","link":"https:\/\/www.diarioimagen.net\/?p=283302","title":{"rendered":"Invitan a los mexiquenses a la FILEM 2016 en Toluca"},"content":{"rendered":"<p><strong>Fomento a la lectura en Edomex<\/strong><\/p>\n<p>&nbsp;<\/p>\n<div id=\"attachment_283303\" style=\"width: 430px\" class=\"wp-caption aligncenter\"><a href=\"http:\/\/www.diarioimagen.net\/?attachment_id=283303\" rel=\"attachment wp-att-283303\"><img loading=\"lazy\" decoding=\"async\" aria-describedby=\"caption-attachment-283303\" class=\"size-large wp-image-283303\" src=\"http:\/\/www.diarioimagen.net\/wp-content\/uploads\/2016\/08\/FILEM10-portal-420x245.jpg\" alt=\"La Feria Internacional del Libro del Estado de M\u00e9xico contar\u00e1 con la participaci\u00f3n de 150 casas editoriales.\" width=\"420\" height=\"245\" srcset=\"https:\/\/www.diarioimagen.net\/wp-content\/uploads\/2016\/08\/FILEM10-portal-420x245.jpg 420w, https:\/\/www.diarioimagen.net\/wp-content\/uploads\/2016\/08\/FILEM10-portal-240x140.jpg 240w, https:\/\/www.diarioimagen.net\/wp-content\/uploads\/2016\/08\/FILEM10-portal.jpg 480w\" sizes=\"auto, (max-width: 420px) 100vw, 420px\" \/><\/a><p id=\"caption-attachment-283303\" class=\"wp-caption-text\">La Feria Internacional del Libro del Estado de M\u00e9xico contar\u00e1 con la participaci\u00f3n de 150 casas editoriales.<\/p><\/div>\n<p>&nbsp;<\/p>\n<p>Toluca, Mex.- El Jard\u00edn Bot\u00e1nico Cosmovitral fue el escenario donde se dieron a conocer los detalles de lo que en pocos d\u00edas ser\u00e1 la segunda edici\u00f3n de la Feria Internacional del Libro del Estado de M\u00e9xico, FILEM 2016, que se llevar\u00e1 a cabo del 26 de agosto al 4 de septiembre en el Centro Hist\u00f3rico de Toluca.<\/p>\n<p>Felipe Gonz\u00e1lez, director general de Patrimonio y Servicios Culturales de la Secretar\u00eda de Cultura, destac\u00f3 que la lectura es un pilar estrat\u00e9gico para el desarrollo humano. Por ello, se\u00f1al\u00f3 que con este trabajo se reafirma el compromiso con el fomento a la lectura; en la FILEM 2016 se espera superar los 160 mil visitantes.<\/p>\n<p>Cabe se\u00f1alar que, esta feria de las letras contar\u00e1 con la participaci\u00f3n de 150 casas editoriales y se han sumado a ella 12 pa\u00edses; est\u00e1 FILEM rendir\u00e1 homenaje al escritor Miguel Le\u00f3n Portilla. Tambi\u00e9n los asistentes podr\u00e1n disfrutar de m\u00e1s de 300 actividades acad\u00e9micas, 100 actividades art\u00edsticas y m\u00e1s de 50 talleres.<\/p>\n","protected":false},"excerpt":{"rendered":"<p>El Jard\u00edn Bot\u00e1nico Cosmovitral fue el escenario donde se dieron a conocer los detalles de lo que en pocos d\u00edas ser\u00e1 la segunda edici\u00f3n de la Feria Internacional del Libro del Estado de M\u00e9xico, FILEM 2016, que se llevar\u00e1 a cabo del 26 de agosto al 4 de septiembre en el Centro Hist\u00f3rico de Toluca.<\/p>\n","protected":false},"author":5,"featured_media":283303,"comment_status":"open","ping_status":"open","sticky":false,"template":"","format":"standard","meta":{"_monsterinsights_skip_tracking":false,"_monsterinsights_sitenote_active":false,"_monsterinsights_sitenote_note":"","_monsterinsights_sitenote_category":0,"footnotes":""},"categories":[35155],"tags":[452],"class_list":["post-283302","post","type-post","status-publish","format-standard","has-post-thumbnail","hentry","category-estado-de-mexico-estado-de-mexico","tag-toluca"],"_links":{"self":[{"href":"https:\/\/www.diarioimagen.net\/index.php?rest_route=\/wp\/v2\/posts\/283302","targetHints":{"allow":["GET"]}}],"collection":[{"href":"https:\/\/www.diarioimagen.net\/index.php?rest_route=\/wp\/v2\/posts"}],"about":[{"href":"https:\/\/www.diarioimagen.net\/index.php?rest_route=\/wp\/v2\/types\/post"}],"author":[{"embeddable":true,"href":"https:\/\/www.diarioimagen.net\/index.php?rest_route=\/wp\/v2\/users\/5"}],"replies":[{"embeddable":true,"href":"https:\/\/www.diarioimagen.net\/index.php?rest_route=%2Fwp%2Fv2%2Fcomments&post=283302"}],"version-history":[{"count":0,"href":"https:\/\/www.diarioimagen.net\/index.php?rest_route=\/wp\/v2\/posts\/283302\/revisions"}],"wp:featuredmedia":[{"embeddable":true,"href":"https:\/\/www.diarioimagen.net\/index.php?rest_route=\/wp\/v2\/media\/283303"}],"wp:attachment":[{"href":"https:\/\/www.diarioimagen.net\/index.php?rest_route=%2Fwp%2Fv2%2Fmedia&parent=283302"}],"wp:term":[{"taxonomy":"category","embeddable":true,"href":"https:\/\/www.diarioimagen.net\/index.php?rest_route=%2Fwp%2Fv2%2Fcategories&post=283302"},{"taxonomy":"post_tag","embeddable":true,"href":"https:\/\/www.diarioimagen.net\/index.php?rest_route=%2Fwp%2Fv2%2Ftags&post=283302"}],"curies":[{"name":"wp","href":"https:\/\/api.w.org\/{rel}","templated":true}]}}