{"id":283305,"date":"2016-08-09T13:33:28","date_gmt":"2016-08-09T18:33:28","guid":{"rendered":"http:\/\/www.diarioimagen.net\/?p=283305"},"modified":"2016-08-11T00:19:47","modified_gmt":"2016-08-11T05:19:47","slug":"promueve-edomex-la-identificacion-del-ganado-para-combatir-abigeato","status":"publish","type":"post","link":"https:\/\/www.diarioimagen.net\/?p=283305","title":{"rendered":"Promueve Edomex la identificaci\u00f3n del ganado para combatir abigeato"},"content":{"rendered":"<ul>\n<li><em><strong>Acciones del Programa de Trazabilidad<\/strong><\/em><\/li>\n<\/ul>\n<p>&nbsp;<\/p>\n<div id=\"attachment_283306\" style=\"width: 430px\" class=\"wp-caption aligncenter\"><a href=\"http:\/\/www.diarioimagen.net\/?attachment_id=283306\" rel=\"attachment wp-att-283306\"><img loading=\"lazy\" decoding=\"async\" aria-describedby=\"caption-attachment-283306\" class=\"size-large wp-image-283306\" src=\"http:\/\/www.diarioimagen.net\/wp-content\/uploads\/2016\/08\/ABIGEATO10-portal-420x245.jpg\" alt=\"A partir del primero de diciembre todas las cabezas de ganado del pa\u00eds deber\u00e1n estar plenamente identificadas.\" width=\"420\" height=\"245\" srcset=\"https:\/\/www.diarioimagen.net\/wp-content\/uploads\/2016\/08\/ABIGEATO10-portal-420x245.jpg 420w, https:\/\/www.diarioimagen.net\/wp-content\/uploads\/2016\/08\/ABIGEATO10-portal-240x140.jpg 240w, https:\/\/www.diarioimagen.net\/wp-content\/uploads\/2016\/08\/ABIGEATO10-portal.jpg 480w\" sizes=\"auto, (max-width: 420px) 100vw, 420px\" \/><\/a><p id=\"caption-attachment-283306\" class=\"wp-caption-text\">A partir del primero de diciembre todas las cabezas de ganado del pa\u00eds deber\u00e1n estar plenamente identificadas.<\/p><\/div>\n<p>&nbsp;<\/p>\n<p>Jilotepec, Mex.- La Secretar\u00eda de Desarrollo Agropecuario (Sedagro) exhort\u00f3 a los productores de ganado de la regi\u00f3n norte de la entidad, a sumarse a las acciones del Programa de Trazabilidad, a fin de cumplir con la norma oficial NOM-001, que establece que a partir del primero de diciembre todas las cabezas de ganado del pa\u00eds, deben estar plenamente identificadas con los aretes del Sistema Nacional de Identificaci\u00f3n Individual del Ganado (SINIIGA).<\/p>\n<p>Durante el dialogo sobre seguridad que sostuvo con productores de los municipios de Jilotepec, Soyaniquilpan, Aculco, Chapa de Mota, Polotitl\u00e1n y Timilpan, Heriberto Ortega Ram\u00edrez, titular de Sedagro explic\u00f3 que para obtener los aretes de identificaci\u00f3n es necesario dar de alta las Unidades de Producci\u00f3n Pecuaria (UPP), registrar el rancho y el fierro marcador, con lo cual no s\u00f3lo cumplir\u00e1n con esta norma oficial, sino que tambi\u00e9n es un medio efectivo para combatir el delito de abigeato, ya que de esta forma se conoce el origen y destino de los productos agropecuarios.<\/p>\n<p>Acompa\u00f1ado de Eduardo Valiente Hern\u00e1ndez, comisionado estatal de Seguridad Ciudadana, explic\u00f3 que se usan dos clases de aretes: uno triangular que es para identificar al animal y otro circular, que permite tener un seguimiento electr\u00f3nico de la movilizaci\u00f3n del ganado, por lo que resulta m\u00e1s f\u00e1cil rastrearlo.<\/p>\n<p>Por ello Heriberto Ortega instruy\u00f3 al director de Sanidad Agropecuaria, Luis Zepeda Espinoza, a brindar orientaci\u00f3n y asesor\u00eda a los productores, y con ello avanzar en el programa de Trazabilidad, tal como ha sucedido en las regiones sur y de Zumpango, donde tambi\u00e9n existe una amplia vocaci\u00f3n ganadera.<\/p>\n<p>Por su parte, Eduardo Valiente Hern\u00e1ndez, inform\u00f3 que un factor m\u00e1s para combatir el abigeato es fomentar entre los ganaderos la cultura de la denuncia y darle seguimiento, as\u00ed como estar bien informados sobre los servicios que ofrece la Comisi\u00f3n Estatal de Seguridad Ciudadana (CESC).<\/p>\n<p>En dicha reuni\u00f3n, autoridades y productores acordaron establecer un calendario de reuniones de trabajo, para ampliar los detalles sobre el programa de Trazabilidad, a fin de que en diciembre pr\u00f3ximo todos los productores hayan cumplido con la norma de identificaci\u00f3n del ganado.<\/p>\n","protected":false},"excerpt":{"rendered":"<p>La Secretar\u00eda de Desarrollo Agropecuario (Sedagro) exhort\u00f3 a los productores de ganado de la regi\u00f3n norte de la entidad, a sumarse a las acciones del Programa de Trazabilidad, a fin de cumplir con la norma oficial NOM-001, que establece que a partir del primero de diciembre todas las cabezas de ganado del pa\u00eds, deben estar plenamente identificadas con los aretes del Sistema Nacional de Identificaci\u00f3n Individual del Ganado (SINIIGA).<\/p>\n","protected":false},"author":5,"featured_media":283306,"comment_status":"open","ping_status":"open","sticky":false,"template":"","format":"standard","meta":{"_monsterinsights_skip_tracking":false,"_monsterinsights_sitenote_active":false,"_monsterinsights_sitenote_note":"","_monsterinsights_sitenote_category":0,"footnotes":""},"categories":[35155],"tags":[52959,2704],"class_list":["post-283305","post","type-post","status-publish","format-standard","has-post-thumbnail","hentry","category-estado-de-mexico-estado-de-mexico","tag-heriberto-ortega-ramirez","tag-sedagro"],"_links":{"self":[{"href":"https:\/\/www.diarioimagen.net\/index.php?rest_route=\/wp\/v2\/posts\/283305","targetHints":{"allow":["GET"]}}],"collection":[{"href":"https:\/\/www.diarioimagen.net\/index.php?rest_route=\/wp\/v2\/posts"}],"about":[{"href":"https:\/\/www.diarioimagen.net\/index.php?rest_route=\/wp\/v2\/types\/post"}],"author":[{"embeddable":true,"href":"https:\/\/www.diarioimagen.net\/index.php?rest_route=\/wp\/v2\/users\/5"}],"replies":[{"embeddable":true,"href":"https:\/\/www.diarioimagen.net\/index.php?rest_route=%2Fwp%2Fv2%2Fcomments&post=283305"}],"version-history":[{"count":0,"href":"https:\/\/www.diarioimagen.net\/index.php?rest_route=\/wp\/v2\/posts\/283305\/revisions"}],"wp:featuredmedia":[{"embeddable":true,"href":"https:\/\/www.diarioimagen.net\/index.php?rest_route=\/wp\/v2\/media\/283306"}],"wp:attachment":[{"href":"https:\/\/www.diarioimagen.net\/index.php?rest_route=%2Fwp%2Fv2%2Fmedia&parent=283305"}],"wp:term":[{"taxonomy":"category","embeddable":true,"href":"https:\/\/www.diarioimagen.net\/index.php?rest_route=%2Fwp%2Fv2%2Fcategories&post=283305"},{"taxonomy":"post_tag","embeddable":true,"href":"https:\/\/www.diarioimagen.net\/index.php?rest_route=%2Fwp%2Fv2%2Ftags&post=283305"}],"curies":[{"name":"wp","href":"https:\/\/api.w.org\/{rel}","templated":true}]}}