{"id":283385,"date":"2016-08-10T00:08:15","date_gmt":"2016-08-10T05:08:15","guid":{"rendered":"http:\/\/www.diarioimagen.net\/?p=283385"},"modified":"2016-08-11T00:22:43","modified_gmt":"2016-08-11T05:22:43","slug":"combate-a-violencia-contra-los-ninos-es-prioridad-elias-azar","status":"publish","type":"post","link":"https:\/\/www.diarioimagen.net\/?p=283385","title":{"rendered":"Combate a violencia contra los ni\u00f1os es prioridad: El\u00edas Azar"},"content":{"rendered":"<ul>\n<li><strong><em>Llamado a no bajar la guardia<\/em><\/strong><\/li>\n<\/ul>\n<h6>Jos\u00e9 Luis Monta\u00f1ez<\/h6>\n<p>&nbsp;<\/p>\n<div id=\"attachment_283498\" style=\"width: 430px\" class=\"wp-caption aligncenter\"><a href=\"http:\/\/www.diarioimagen.net\/?attachment_id=283498\" rel=\"attachment wp-att-283498\"><img loading=\"lazy\" decoding=\"async\" aria-describedby=\"caption-attachment-283498\" class=\"size-large wp-image-283498\" src=\"http:\/\/www.diarioimagen.net\/wp-content\/uploads\/2016\/08\/tsjcdmx-2929-420x236.jpg\" alt=\"El magistrado presidente del TSJCDMX, Edgar El\u00edas Azar, pide no bajar la guardia en el combate a la violencia contra los infantes.\" width=\"420\" height=\"236\" srcset=\"https:\/\/www.diarioimagen.net\/wp-content\/uploads\/2016\/08\/tsjcdmx-2929-420x236.jpg 420w, https:\/\/www.diarioimagen.net\/wp-content\/uploads\/2016\/08\/tsjcdmx-2929-240x135.jpg 240w, https:\/\/www.diarioimagen.net\/wp-content\/uploads\/2016\/08\/tsjcdmx-2929-768x432.jpg 768w, https:\/\/www.diarioimagen.net\/wp-content\/uploads\/2016\/08\/tsjcdmx-2929-480x270.jpg 480w, https:\/\/www.diarioimagen.net\/wp-content\/uploads\/2016\/08\/tsjcdmx-2929-235x132.jpg 235w, https:\/\/www.diarioimagen.net\/wp-content\/uploads\/2016\/08\/tsjcdmx-2929-202x114.jpg 202w, https:\/\/www.diarioimagen.net\/wp-content\/uploads\/2016\/08\/tsjcdmx-2929-350x196.jpg 350w, https:\/\/www.diarioimagen.net\/wp-content\/uploads\/2016\/08\/tsjcdmx-2929-220x123.jpg 220w, https:\/\/www.diarioimagen.net\/wp-content\/uploads\/2016\/08\/tsjcdmx-2929-237x132.jpg 237w, https:\/\/www.diarioimagen.net\/wp-content\/uploads\/2016\/08\/tsjcdmx-2929.jpg 1024w\" sizes=\"auto, (max-width: 420px) 100vw, 420px\" \/><\/a><p id=\"caption-attachment-283498\" class=\"wp-caption-text\">El magistrado presidente del TSJCDMX, Edgar El\u00edas Azar, pide no bajar la guardia en el combate a la violencia contra los infantes.<\/p><\/div>\n<p>&nbsp;<\/p>\n<p>El presidente del Tribunal Superior de Justicia de la Ciudad de M\u00e9xico, magistrado Edgar El\u00edas Azar, hizo un llamamiento a no bajar la guardia en el combate a la violencia contra ni\u00f1os, ni\u00f1as y adolescentes, y enfatiz\u00f3 que se debe prevenir, se\u00f1alar, perseguir y castigar a quienes en el hogar o en la calle violentan sus vidas, ya que eso los orilla a un camino r\u00edspido de sufrimiento o delincuencia.<\/p>\n<p>En la firma de un convenio de colaboraci\u00f3n que prev\u00e9 la ejecuci\u00f3n de acciones a favor de la reinserci\u00f3n de menores que transgredieron la ley, a\u00f1adi\u00f3 que esto debe ser un llamado de responsabilidad de los adultos, y dijo que autoridades, padres y madres deben ser obligados vigilantes de su desarrollo.<\/p>\n<p>\u201cAdvirti\u00f3 que sus conductas deben ser vistas como un reclamo al hecho de que alguien, generalmente un adulto, realiz\u00f3 una acci\u00f3n, en alg\u00fan momento, que irrumpi\u00f3 en su conciencia por descuido, negligencia o maldad, lo que los lleva a anidar maldades personales y colectivas, y a dar motivo y fuerza para propiciar el mal y actos que atentan contra los bienes jur\u00eddicos de mayor val\u00eda\u201d.<\/p>\n<p>En la Sala de Presidentes Mar\u00eda Lavalle Urbina, se refiri\u00f3 al convenio signado, y precis\u00f3 que con \u00e9ste la Fundaci\u00f3n Mexicana de Reintegraci\u00f3n Social (Reintegra), como socio ejecutor del Fondo de las Naciones Unidas para la Infancia (Unicef), facilitar\u00e1, asesorar\u00e1 y capacitar\u00e1 metodol\u00f3gicamente a organizaciones civiles que apoyan a la Direcci\u00f3n General de Tratamiento para Adolescentes, de la Subsecretar\u00eda del Sistema Penitenciario del Gobierno de la Ciudad de M\u00e9xico, en la ejecuci\u00f3n de medidas de orientaci\u00f3n para la formulaci\u00f3n de programas.<\/p>\n<p>En el acto, la secretaria de Gobierno, Patricia Mercado Castro, subray\u00f3 las directrices en las que se enmarcan los esfuerzos de la administraci\u00f3n capitalina en el tema del tratamiento de adolescentes: menos internamiento, mejora de condiciones y derecho a un porvenir.<\/p>\n<p>Por otra parte, la representante de Unicef, Isabel Crowley, se refiri\u00f3 a la importancia de las formas alternativas de justicia en el tema de adolescentes, y puntualiz\u00f3 que las medidas privativas de libertad no son la respuesta id\u00f3nea, las cuales deben ser el \u00faltimo recurso.<\/p>\n<p>Durante el acto, representantes de Reintegra se\u00f1alaron que la reinserci\u00f3n es posible, ya que el 96 por ciento de los j\u00f3venes que ayudan lograron salir adelante, y recordaron que el fen\u00f3meno del menor en conflicto con la ley es una construcci\u00f3n social, lo que obliga a todos a reconstruir una nueva sociedad.<\/p>\n<p>En la firma estuvieron el subsecretario de Sistema Penitenciario, Hazael Ruiz Ortega; el presidente de Reintegra, Jaime Cort\u00e9s Rocha; los magistrados de Justicia para Adolescentes Patricia Orea Ochoa, y\u00a0 Sadot Andrade Mart\u00ednez, entre otros.<\/p>\n<p>&nbsp;<\/p>\n","protected":false},"excerpt":{"rendered":"<p><span style=\"color: #005497;\">Jos\u00e9 Luis Monta\u00f1ez<\/span><br \/>\n<br \/>\nEl presidente del Tribunal Superior de Justicia de la Ciudad de M\u00e9xico, magistrado Edgar El\u00edas Azar, hizo un llamamiento a no bajar la guardia en el combate a la violencia contra ni\u00f1os, ni\u00f1as y adolescentes, y enfatiz\u00f3 que se debe prevenir, se\u00f1alar, perseguir y castigar a quienes en el hogar o en la calle violentan sus vidas, ya que eso los orilla a un camino r\u00edspido de sufrimiento o delincuencia.<\/p>\n","protected":false},"author":3,"featured_media":283498,"comment_status":"open","ping_status":"open","sticky":false,"template":"","format":"standard","meta":{"_monsterinsights_skip_tracking":false,"_monsterinsights_sitenote_active":false,"_monsterinsights_sitenote_note":"","_monsterinsights_sitenote_category":0,"footnotes":""},"categories":[6],"tags":[204,1925,6187,41588,51325],"class_list":["post-283385","post","type-post","status-publish","format-standard","has-post-thumbnail","hentry","category-cd-de-mexico","tag-ciudad-de-mexico","tag-edgar-elias-azar","tag-ninos","tag-prioridad","tag-tsjcdmx"],"_links":{"self":[{"href":"https:\/\/www.diarioimagen.net\/index.php?rest_route=\/wp\/v2\/posts\/283385","targetHints":{"allow":["GET"]}}],"collection":[{"href":"https:\/\/www.diarioimagen.net\/index.php?rest_route=\/wp\/v2\/posts"}],"about":[{"href":"https:\/\/www.diarioimagen.net\/index.php?rest_route=\/wp\/v2\/types\/post"}],"author":[{"embeddable":true,"href":"https:\/\/www.diarioimagen.net\/index.php?rest_route=\/wp\/v2\/users\/3"}],"replies":[{"embeddable":true,"href":"https:\/\/www.diarioimagen.net\/index.php?rest_route=%2Fwp%2Fv2%2Fcomments&post=283385"}],"version-history":[{"count":0,"href":"https:\/\/www.diarioimagen.net\/index.php?rest_route=\/wp\/v2\/posts\/283385\/revisions"}],"wp:featuredmedia":[{"embeddable":true,"href":"https:\/\/www.diarioimagen.net\/index.php?rest_route=\/wp\/v2\/media\/283498"}],"wp:attachment":[{"href":"https:\/\/www.diarioimagen.net\/index.php?rest_route=%2Fwp%2Fv2%2Fmedia&parent=283385"}],"wp:term":[{"taxonomy":"category","embeddable":true,"href":"https:\/\/www.diarioimagen.net\/index.php?rest_route=%2Fwp%2Fv2%2Fcategories&post=283385"},{"taxonomy":"post_tag","embeddable":true,"href":"https:\/\/www.diarioimagen.net\/index.php?rest_route=%2Fwp%2Fv2%2Ftags&post=283385"}],"curies":[{"name":"wp","href":"https:\/\/api.w.org\/{rel}","templated":true}]}}