{"id":283618,"date":"2016-08-11T00:09:23","date_gmt":"2016-08-11T05:09:23","guid":{"rendered":"http:\/\/www.diarioimagen.net\/?p=283618"},"modified":"2016-08-11T02:38:56","modified_gmt":"2016-08-11T07:38:56","slug":"disminuyen-los-casos-de-suicidio-en-el-metro","status":"publish","type":"post","link":"https:\/\/www.diarioimagen.net\/?p=283618","title":{"rendered":"Disminuyen los casos de suicidio en el Metro"},"content":{"rendered":"<ul>\n<li><em><b>Campa\u00f1a \u201cSalvemos Vidas\u201d<\/b><\/em><\/li>\n<\/ul>\n<p>&nbsp;<\/p>\n<div id=\"attachment_283619\" style=\"width: 430px\" class=\"wp-caption aligncenter\"><a href=\"http:\/\/www.diarioimagen.net\/?attachment_id=283619\" rel=\"attachment wp-att-283619\"><img loading=\"lazy\" decoding=\"async\" aria-describedby=\"caption-attachment-283619\" class=\"wp-image-283619 size-large\" src=\"http:\/\/www.diarioimagen.net\/wp-content\/uploads\/2016\/08\/SUICIDIOS-2930-420x236.jpg\" alt=\"En lo que va del presente a\u00f1o se han registrado 13 suicidios en estaciones del Metro de la Ciudad de M\u00e9xico.\" width=\"420\" height=\"236\" srcset=\"https:\/\/www.diarioimagen.net\/wp-content\/uploads\/2016\/08\/SUICIDIOS-2930-420x236.jpg 420w, https:\/\/www.diarioimagen.net\/wp-content\/uploads\/2016\/08\/SUICIDIOS-2930-240x135.jpg 240w, https:\/\/www.diarioimagen.net\/wp-content\/uploads\/2016\/08\/SUICIDIOS-2930-235x132.jpg 235w, https:\/\/www.diarioimagen.net\/wp-content\/uploads\/2016\/08\/SUICIDIOS-2930-202x114.jpg 202w, https:\/\/www.diarioimagen.net\/wp-content\/uploads\/2016\/08\/SUICIDIOS-2930-350x196.jpg 350w, https:\/\/www.diarioimagen.net\/wp-content\/uploads\/2016\/08\/SUICIDIOS-2930-220x123.jpg 220w, https:\/\/www.diarioimagen.net\/wp-content\/uploads\/2016\/08\/SUICIDIOS-2930-237x132.jpg 237w, https:\/\/www.diarioimagen.net\/wp-content\/uploads\/2016\/08\/SUICIDIOS-2930.jpg 480w\" sizes=\"auto, (max-width: 420px) 100vw, 420px\" \/><\/a><p id=\"caption-attachment-283619\" class=\"wp-caption-text\">En lo que va del presente a\u00f1o se han registrado 13 suicidios en estaciones del Metro de la Ciudad de M\u00e9xico.<\/p><\/div>\n<p>&nbsp;<\/p>\n<p>En los \u00faltimos cinco a\u00f1os han disminuido los casos de suicidio en las estaciones del Sistema de Transporte Colectivo (STC) Metro al pasar de 41, en 2011, a 28 en 2015.<\/p>\n<p>Al presentar la campa\u00f1a \u201cSalvemos Vidas\u201d, el director general del Metro, Jorge Gavi\u00f1o Ambriz, detall\u00f3 que en ese periodo ocurrieron 183 suicidios y en lo que va del presente a\u00f1o se han registrado 13.<\/p>\n<p>Precis\u00f3 que las instalaciones de este transporte p\u00fablico reportaron 41 casos en 2011, 34 en 2012, 44 en 2013, 36 en 2014 y 28 en 2015, mientras que las cifras del presente a\u00f1o, son a\u00fan menores, lo cual es \u201cun logro porque han dado resultado las propuestas planteadas\u201d.<\/p>\n<p>El funcionario capitalino se\u00f1al\u00f3 que la mayor\u00eda de incidencias de suicidios en el Metro ocurrieron en los meses de febrero, junio, julio, agosto, octubre y noviembre, lo que representa 60 por ciento del total.<\/p>\n<p>Agreg\u00f3 que 60 por ciento de los casos corresponde a hombres y el resto a mujeres, cuyas edades fluctuaban entre 21 y 40 a\u00f1os, lo cual indica que son los j\u00f3venes quienes m\u00e1s atentan contra su vida porque la edad promedio es de 32.5 a\u00f1os.<\/p>\n<p>Detall\u00f3 que el horario con mayor frecuencia es de 09:00 a 12:00 horas y de 17:00 a 21:00 horas, y el mayor n\u00famero de decesos sucedi\u00f3 en la estaci\u00f3n Chabacano, con siete, seguida de Copilco, seis; Insurgentes, cinco; Z\u00f3calo, cinco, y Balderas, Tacuba, Xola, Hidalgo, Portales, Puebla y Viaducto, con cuatro cada uno.<\/p>\n<p>Gavi\u00f1o Ambriz expuso que entre los motivos de suicidio se encuentran depresi\u00f3n, salud mental, enfermedades como c\u00e1ncer terminal y Sida (S\u00edndrome de Inmunodeficiencia Adquirido), adem\u00e1s de la p\u00e9rdida de empleo.<\/p>\n<p>Al hacer una comparaci\u00f3n con otras ciudades del mundo como Tokio, Jap\u00f3n; Sidney, Australia; Barcelona, Espa\u00f1a, y Bruselas, B\u00e9lgica, asegur\u00f3 que el Metro de la Ciudad de M\u00e9xico no tiene un alto \u00edndice de suicidios y ocupa el octavo lugar.<\/p>\n<p>Sin embargo, el n\u00famero de casos a\u00fan es preocupante en la capital mexicana y por instrucciones del jefe de gobierno, Miguel \u00c1ngel Mancera, se pondr\u00e1 en marcha la campa\u00f1a \u201cSalvemos Vidas\u201d para evitar esta situaci\u00f3n. El director del Metro precis\u00f3 que la iniciativa ofrecer\u00e1 orientaci\u00f3n psicol\u00f3gica a trav\u00e9s de Locatel, a fin de apoyar y evitar el suicidio de m\u00e1s personas.<\/p>\n<p>&nbsp;<\/p>\n","protected":false},"excerpt":{"rendered":"<p>En los \u00faltimos cinco a\u00f1os han disminuido los casos de suicidio en las estaciones del Sistema de Transporte Colectivo (STC) Metro al pasar de 41, en 2011, a 28 en 2015. Al presentar la campa\u00f1a \u201cSalvemos Vidas\u201d, el director general del Metro, Jorge Gavi\u00f1o Ambriz, detall\u00f3 que en ese periodo ocurrieron 183 suicidios y en lo que va del presente a\u00f1o se han registrado 13.<\/p>\n","protected":false},"author":1,"featured_media":283619,"comment_status":"open","ping_status":"open","sticky":false,"template":"","format":"standard","meta":{"_monsterinsights_skip_tracking":false,"_monsterinsights_sitenote_active":false,"_monsterinsights_sitenote_note":"","_monsterinsights_sitenote_category":0,"footnotes":""},"categories":[6],"tags":[204,163,4657,19262],"class_list":["post-283618","post","type-post","status-publish","format-standard","has-post-thumbnail","hentry","category-cd-de-mexico","tag-ciudad-de-mexico","tag-metro","tag-sistema-de-transporte-colectivo-metro","tag-suicidios"],"_links":{"self":[{"href":"https:\/\/www.diarioimagen.net\/index.php?rest_route=\/wp\/v2\/posts\/283618","targetHints":{"allow":["GET"]}}],"collection":[{"href":"https:\/\/www.diarioimagen.net\/index.php?rest_route=\/wp\/v2\/posts"}],"about":[{"href":"https:\/\/www.diarioimagen.net\/index.php?rest_route=\/wp\/v2\/types\/post"}],"author":[{"embeddable":true,"href":"https:\/\/www.diarioimagen.net\/index.php?rest_route=\/wp\/v2\/users\/1"}],"replies":[{"embeddable":true,"href":"https:\/\/www.diarioimagen.net\/index.php?rest_route=%2Fwp%2Fv2%2Fcomments&post=283618"}],"version-history":[{"count":0,"href":"https:\/\/www.diarioimagen.net\/index.php?rest_route=\/wp\/v2\/posts\/283618\/revisions"}],"wp:featuredmedia":[{"embeddable":true,"href":"https:\/\/www.diarioimagen.net\/index.php?rest_route=\/wp\/v2\/media\/283619"}],"wp:attachment":[{"href":"https:\/\/www.diarioimagen.net\/index.php?rest_route=%2Fwp%2Fv2%2Fmedia&parent=283618"}],"wp:term":[{"taxonomy":"category","embeddable":true,"href":"https:\/\/www.diarioimagen.net\/index.php?rest_route=%2Fwp%2Fv2%2Fcategories&post=283618"},{"taxonomy":"post_tag","embeddable":true,"href":"https:\/\/www.diarioimagen.net\/index.php?rest_route=%2Fwp%2Fv2%2Ftags&post=283618"}],"curies":[{"name":"wp","href":"https:\/\/api.w.org\/{rel}","templated":true}]}}