{"id":283666,"date":"2016-08-11T00:09:00","date_gmt":"2016-08-11T05:09:00","guid":{"rendered":"http:\/\/www.diarioimagen.net\/?p=283666"},"modified":"2016-08-11T03:15:52","modified_gmt":"2016-08-11T08:15:52","slug":"presidente-de-la-asociacion-nepac-apadrina-generaciones","status":"publish","type":"post","link":"https:\/\/www.diarioimagen.net\/?p=283666","title":{"rendered":"Presidente de la asociaci\u00f3n NEPAC apadrina generaciones"},"content":{"rendered":"<p><a href=\"http:\/\/www.diarioimagen.net\/?attachment_id=283672\" rel=\"attachment wp-att-283672\"><img loading=\"lazy\" decoding=\"async\" class=\"aligncenter size-large wp-image-283672\" src=\"http:\/\/www.diarioimagen.net\/wp-content\/uploads\/2016\/08\/naucalpan-1-2930-420x236.jpg\" alt=\"naucalpan-1-2930\" width=\"420\" height=\"236\" srcset=\"https:\/\/www.diarioimagen.net\/wp-content\/uploads\/2016\/08\/naucalpan-1-2930-420x236.jpg 420w, https:\/\/www.diarioimagen.net\/wp-content\/uploads\/2016\/08\/naucalpan-1-2930-240x135.jpg 240w, https:\/\/www.diarioimagen.net\/wp-content\/uploads\/2016\/08\/naucalpan-1-2930-235x132.jpg 235w, https:\/\/www.diarioimagen.net\/wp-content\/uploads\/2016\/08\/naucalpan-1-2930-202x114.jpg 202w, https:\/\/www.diarioimagen.net\/wp-content\/uploads\/2016\/08\/naucalpan-1-2930-350x196.jpg 350w, https:\/\/www.diarioimagen.net\/wp-content\/uploads\/2016\/08\/naucalpan-1-2930-220x123.jpg 220w, https:\/\/www.diarioimagen.net\/wp-content\/uploads\/2016\/08\/naucalpan-1-2930-237x132.jpg 237w, https:\/\/www.diarioimagen.net\/wp-content\/uploads\/2016\/08\/naucalpan-1-2930.jpg 480w\" sizes=\"auto, (max-width: 420px) 100vw, 420px\" \/><\/a><\/p>\n<p>&nbsp;<\/p>\n<p><b>El licenciado Gustavo Parra S\u00e1nchez, <\/b>presidente de la asociaci\u00f3n civil \u201cNaucalpan es progreso\u201d (NEPAC), a nombre del gobernador del Estado de M\u00e9xico, ha llevado apoyos a personas con discapacidad, en diferentes colonias de la zona de Naucalpan. Tambi\u00e9n se encarg\u00f3 de apadrinar generaci\u00f3n de diferentes planteles educativos, entre ellos la escuela Adolfo L\u00f3pez Mateos, entregando becas a alumnos destacados.<\/p>\n","protected":false},"excerpt":{"rendered":"<p>El licenciado Gustavo Parra S\u00e1nchez, presidente de la asociaci\u00f3n civil \u201cNaucalpan es progreso\u201d (NEPAC), a nombre del gobernador del Estado de M\u00e9xico, ha llevado apoyos a personas con discapacidad, en diferentes colonias de la zona de Naucalpan. Tambi\u00e9n se encarg\u00f3 de apadrinar generaci\u00f3n de diferentes planteles educativos, entre ellos la escuela Adolfo L\u00f3pez Mateos, entregando becas a alumnos destacados. <\/p>\n","protected":false},"author":1,"featured_media":283672,"comment_status":"open","ping_status":"open","sticky":false,"template":"","format":"standard","meta":{"_monsterinsights_skip_tracking":false,"_monsterinsights_sitenote_active":false,"_monsterinsights_sitenote_note":"","_monsterinsights_sitenote_category":0,"footnotes":""},"categories":[35155],"tags":[43675,53028,970,49363],"class_list":["post-283666","post","type-post","status-publish","format-standard","has-post-thumbnail","hentry","category-estado-de-mexico-estado-de-mexico","tag-estado-de-mexico","tag-gustavo-parra-sanchez","tag-naucalpan","tag-nepac"],"_links":{"self":[{"href":"https:\/\/www.diarioimagen.net\/index.php?rest_route=\/wp\/v2\/posts\/283666","targetHints":{"allow":["GET"]}}],"collection":[{"href":"https:\/\/www.diarioimagen.net\/index.php?rest_route=\/wp\/v2\/posts"}],"about":[{"href":"https:\/\/www.diarioimagen.net\/index.php?rest_route=\/wp\/v2\/types\/post"}],"author":[{"embeddable":true,"href":"https:\/\/www.diarioimagen.net\/index.php?rest_route=\/wp\/v2\/users\/1"}],"replies":[{"embeddable":true,"href":"https:\/\/www.diarioimagen.net\/index.php?rest_route=%2Fwp%2Fv2%2Fcomments&post=283666"}],"version-history":[{"count":0,"href":"https:\/\/www.diarioimagen.net\/index.php?rest_route=\/wp\/v2\/posts\/283666\/revisions"}],"wp:featuredmedia":[{"embeddable":true,"href":"https:\/\/www.diarioimagen.net\/index.php?rest_route=\/wp\/v2\/media\/283672"}],"wp:attachment":[{"href":"https:\/\/www.diarioimagen.net\/index.php?rest_route=%2Fwp%2Fv2%2Fmedia&parent=283666"}],"wp:term":[{"taxonomy":"category","embeddable":true,"href":"https:\/\/www.diarioimagen.net\/index.php?rest_route=%2Fwp%2Fv2%2Fcategories&post=283666"},{"taxonomy":"post_tag","embeddable":true,"href":"https:\/\/www.diarioimagen.net\/index.php?rest_route=%2Fwp%2Fv2%2Ftags&post=283666"}],"curies":[{"name":"wp","href":"https:\/\/api.w.org\/{rel}","templated":true}]}}