{"id":283816,"date":"2016-08-12T00:09:21","date_gmt":"2016-08-12T05:09:21","guid":{"rendered":"http:\/\/www.diarioimagen.net\/?p=283816"},"modified":"2016-08-12T06:18:59","modified_gmt":"2016-08-12T11:18:59","slug":"limites-de-velocidad-continuaran-en-cdmx","status":"publish","type":"post","link":"https:\/\/www.diarioimagen.net\/?p=283816","title":{"rendered":"L\u00edmites de velocidad continuar\u00e1n en CDMX"},"content":{"rendered":"<ul>\n<li><strong><em>Reglamento reduce \u00edndice de accidentes<\/em><\/strong><\/li>\n<\/ul>\n<p>&nbsp;<\/p>\n<div id=\"attachment_283883\" style=\"width: 430px\" class=\"wp-caption aligncenter\"><a href=\"http:\/\/www.diarioimagen.net\/?attachment_id=283883\" rel=\"attachment wp-att-283883\"><img loading=\"lazy\" decoding=\"async\" aria-describedby=\"caption-attachment-283883\" class=\"size-large wp-image-283883\" src=\"http:\/\/www.diarioimagen.net\/wp-content\/uploads\/2016\/08\/MULTAS-2931-420x236.jpg\" alt=\"Hiram Almeida Estrada, titular de la SSP capitalina, asever\u00f3 que siguen vigentes las fotomultas.\" width=\"420\" height=\"236\" srcset=\"https:\/\/www.diarioimagen.net\/wp-content\/uploads\/2016\/08\/MULTAS-2931-420x236.jpg 420w, https:\/\/www.diarioimagen.net\/wp-content\/uploads\/2016\/08\/MULTAS-2931-240x135.jpg 240w, https:\/\/www.diarioimagen.net\/wp-content\/uploads\/2016\/08\/MULTAS-2931-235x132.jpg 235w, https:\/\/www.diarioimagen.net\/wp-content\/uploads\/2016\/08\/MULTAS-2931-202x114.jpg 202w, https:\/\/www.diarioimagen.net\/wp-content\/uploads\/2016\/08\/MULTAS-2931-350x196.jpg 350w, https:\/\/www.diarioimagen.net\/wp-content\/uploads\/2016\/08\/MULTAS-2931-220x123.jpg 220w, https:\/\/www.diarioimagen.net\/wp-content\/uploads\/2016\/08\/MULTAS-2931-237x132.jpg 237w, https:\/\/www.diarioimagen.net\/wp-content\/uploads\/2016\/08\/MULTAS-2931.jpg 480w\" sizes=\"auto, (max-width: 420px) 100vw, 420px\" \/><\/a><p id=\"caption-attachment-283883\" class=\"wp-caption-text\">Hiram Almeida Estrada, titular de la SSP capitalina, asever\u00f3 que siguen vigentes las fotomultas.<\/p><\/div>\n<p>&nbsp;<\/p>\n<p>El secretario de Seguridad P\u00fablica capitalina, Hiram Almeida Estrada, asever\u00f3 que siguen vigentes las fotomultas y no se reducir\u00e1n los niveles de velocidad que marca el Reglamento de Tr\u00e1nsito.<\/p>\n<p>De diciembre de 2015 a la fecha en la Ciudad de M\u00e9xico se redujo en 18.3 por ciento el \u00edndice de accidentes automovil\u00edsticos, lo que permiti\u00f3 salvar 77 vidas.<\/p>\n<p>El titular de la Secretar\u00eda de Seguridad P\u00fablica capitalina abund\u00f3 que en el mismo lapso se han aplicado 427 mil fotomultas por infringir diversas disposiciones del citado reglamento, como transitar a exceso de velocidad y dar vuelta en lugares prohibidos.<\/p>\n<p>En conferencia de prensa se\u00f1al\u00f3 que la cantidad de lesiones culposas por hechos de tr\u00e1nsito disminuy\u00f3 en seis por ciento, con 146 casos menos respecto al mismo periodo del a\u00f1o anterior.<\/p>\n<p>Ahora se tiene contemplado suscribir un acuerdo con el Estado de M\u00e9xico y otras entidades para que los automovilistas que infrinjan las normas de tr\u00e1nsito en la Ciudad de M\u00e9xico sean sancionados en aquellos estados, ya que ah\u00ed fueron emplacados.<\/p>\n<p>\u201cEn el tema de la recaudaci\u00f3n hemos buscado al Estado de M\u00e9xico para suscribir un convenio de colaboraci\u00f3n, para que se hagan las retenciones de aquellos veh\u00edculos que generan infracciones en la Ciudad de M\u00e9xico pero que est\u00e1n dados alta en aquella entidad\u201d.<\/p>\n<p>En un caso de reciprocidad, aquellos habitantes de la capital del pa\u00eds que infrinjan la normas en el Estado de M\u00e9xico y sean sancionados, la Secretar\u00eda de Seguridad P\u00fablica har\u00e1 la retenci\u00f3n correspondiente, lo mismo con entidades como Morelos y Tlaxcala.<\/p>\n<p>La subsecretaria de Planeaci\u00f3n, Laura Ballesteros, indic\u00f3 a su vez que se trabaja en la reclasificaci\u00f3n de las vialidades pero que los l\u00edmites de velocidad en la entidad son los que cient\u00edficamente est\u00e1n recomendados para prevenir accidentes automovil\u00edsticos.<\/p>\n<p>\u201cHay una comisi\u00f3n de vialidades que establece la Ley de Movilidad que, con otras dependencia, tendr\u00e1n a su cargo el an\u00e1lisis de las vialidades y su clasificaci\u00f3n\u201d, expuso la funcionaria de la Secretar\u00eda de Movilidad.<\/p>\n<p>Ballesteros Mancilla agreg\u00f3 que \u201clo que sucede hoy es que tenemos varias calles que podr\u00edan ser v\u00edas secundarias y que hoy tienen la clasificaci\u00f3n de v\u00eda primaria\u201d.<\/p>\n<p>&nbsp;<\/p>\n","protected":false},"excerpt":{"rendered":"<p>El secretario de Seguridad P\u00fablica capitalina, Hiram Almeida Estrada, asever\u00f3 que siguen vigentes las fotomultas y no se reducir\u00e1n los niveles de velocidad que marca el Reglamento de Tr\u00e1nsito.<\/p>\n","protected":false},"author":3,"featured_media":283883,"comment_status":"open","ping_status":"open","sticky":false,"template":"","format":"standard","meta":{"_monsterinsights_skip_tracking":false,"_monsterinsights_sitenote_active":false,"_monsterinsights_sitenote_note":"","_monsterinsights_sitenote_category":0,"footnotes":""},"categories":[6],"tags":[34444,204,47548],"class_list":["post-283816","post","type-post","status-publish","format-standard","has-post-thumbnail","hentry","category-cd-de-mexico","tag-cdmx","tag-ciudad-de-mexico","tag-fotomultas"],"_links":{"self":[{"href":"https:\/\/www.diarioimagen.net\/index.php?rest_route=\/wp\/v2\/posts\/283816","targetHints":{"allow":["GET"]}}],"collection":[{"href":"https:\/\/www.diarioimagen.net\/index.php?rest_route=\/wp\/v2\/posts"}],"about":[{"href":"https:\/\/www.diarioimagen.net\/index.php?rest_route=\/wp\/v2\/types\/post"}],"author":[{"embeddable":true,"href":"https:\/\/www.diarioimagen.net\/index.php?rest_route=\/wp\/v2\/users\/3"}],"replies":[{"embeddable":true,"href":"https:\/\/www.diarioimagen.net\/index.php?rest_route=%2Fwp%2Fv2%2Fcomments&post=283816"}],"version-history":[{"count":0,"href":"https:\/\/www.diarioimagen.net\/index.php?rest_route=\/wp\/v2\/posts\/283816\/revisions"}],"wp:featuredmedia":[{"embeddable":true,"href":"https:\/\/www.diarioimagen.net\/index.php?rest_route=\/wp\/v2\/media\/283883"}],"wp:attachment":[{"href":"https:\/\/www.diarioimagen.net\/index.php?rest_route=%2Fwp%2Fv2%2Fmedia&parent=283816"}],"wp:term":[{"taxonomy":"category","embeddable":true,"href":"https:\/\/www.diarioimagen.net\/index.php?rest_route=%2Fwp%2Fv2%2Fcategories&post=283816"},{"taxonomy":"post_tag","embeddable":true,"href":"https:\/\/www.diarioimagen.net\/index.php?rest_route=%2Fwp%2Fv2%2Ftags&post=283816"}],"curies":[{"name":"wp","href":"https:\/\/api.w.org\/{rel}","templated":true}]}}