{"id":283961,"date":"2016-08-14T23:55:28","date_gmt":"2016-08-15T04:55:28","guid":{"rendered":"http:\/\/www.diarioimagen.net\/?p=283961"},"modified":"2016-08-14T23:55:12","modified_gmt":"2016-08-15T04:55:12","slug":"propone-eruviel-avila-destinar-mas-recursos-para-medio-ambiente","status":"publish","type":"post","link":"https:\/\/www.diarioimagen.net\/?p=283961","title":{"rendered":"Propone Eruviel \u00c1vila destinar m\u00e1s recursos para medio ambiente"},"content":{"rendered":"<ul>\n<li><em><strong>En pr\u00f3ximos presupuestos federal y estatales<\/strong><\/em><\/li>\n<\/ul>\n<p>&nbsp;<\/p>\n<div id=\"attachment_283968\" style=\"width: 430px\" class=\"wp-caption aligncenter\"><a href=\"http:\/\/www.diarioimagen.net\/?attachment_id=283968\" rel=\"attachment wp-att-283968\"><img loading=\"lazy\" decoding=\"async\" aria-describedby=\"caption-attachment-283968\" class=\"size-large wp-image-283968\" src=\"http:\/\/www.diarioimagen.net\/wp-content\/uploads\/2016\/08\/AMBIENTE15ok-portal-420x245.jpg\" alt=\"Eruviel \u00c1vila Villegas asisti\u00f3 a la instalaci\u00f3n de la Comisi\u00f3n de Medio Ambiente de la Conago.\" width=\"420\" height=\"245\" srcset=\"https:\/\/www.diarioimagen.net\/wp-content\/uploads\/2016\/08\/AMBIENTE15ok-portal-420x245.jpg 420w, https:\/\/www.diarioimagen.net\/wp-content\/uploads\/2016\/08\/AMBIENTE15ok-portal-240x140.jpg 240w, https:\/\/www.diarioimagen.net\/wp-content\/uploads\/2016\/08\/AMBIENTE15ok-portal.jpg 480w\" sizes=\"auto, (max-width: 420px) 100vw, 420px\" \/><\/a><p id=\"caption-attachment-283968\" class=\"wp-caption-text\">Eruviel \u00c1vila Villegas asisti\u00f3 a la instalaci\u00f3n de la Comisi\u00f3n de Medio Ambiente de la Conago.<\/p><\/div>\n<p>&nbsp;<\/p>\n<p>En su calidad de vicecoordinador de la Comisi\u00f3n de Medio Ambiente de la Conago, el gobernador del Estado de M\u00e9xico, Eruviel \u00c1vila Villegas, propuso destinar m\u00e1s recursos en los pr\u00f3ximos paquetes fiscales del gobierno federal y de las administraciones estatales, para mejorar la calidad del aire mediante el impulso del transporte sustentable, as\u00ed como acciones de reforestaci\u00f3n, verificaci\u00f3n vehicular con tecnolog\u00eda de punta y certificaci\u00f3n de empresas limpias, para disminuir los efectos del cambio clim\u00e1tico.<\/p>\n<p>\u201cAhora que se viene el an\u00e1lisis del paquete fiscal, el presupuesto de egresos el pr\u00f3ximo a\u00f1o, yo le propongo al presidente de esta Comisi\u00f3n, al doctor Miguel \u00c1ngel Mancera, que podamos llevar este argumento, esta frase que debe ser celebre del doctor Molina: \u00absaldr\u00e1 m\u00e1s caro posponer acciones\u00bb. Vamos a proponer desde ahorita, yo tengo confianza en que en el pr\u00f3ximo paquete fiscal, el pr\u00f3ximo presupuesto, podamos tener m\u00e1s recursos y podamos fortalecer la coordinaci\u00f3n, que si bien ha existido, todav\u00eda reconozco que falta mucho por hacer\u201d, expres\u00f3.<\/p>\n<p>Durante la instalaci\u00f3n de la Comisi\u00f3n de Medio Ambiente de la Conferencia Nacional de Gobernadores, el mandatario mexiquense destac\u00f3 que en el Estado de M\u00e9xico ya se toman acciones para la conservaci\u00f3n del entorno durante la actual administraci\u00f3n, como la plantaci\u00f3n de m\u00e1s de 110 millones de \u00e1rboles en regiones como las de los volcanes Popocat\u00e9petl e Iztacc\u00edhuatl, al igual que el Xinant\u00e9catl o Nevado de Toluca, y La Marquesa, cubriendo una superficie equivalente a 170 mil hect\u00e1reas.<\/p>\n<p>Tambi\u00e9n se han invertido m\u00e1s de 525 millones de pesos como apoyo a ejidatarios, comuneros y campesinos que conservan y protegen las zonas forestales de la entidad.<\/p>\n<p>Ante el Premio Nobel de Qu\u00edmica, Mario Molina Pasquel; la investigadora de Recursos Naturales de la UNAM, Julia Carabias Lillo, y de los gobernadores de Aguascalientes, Tabasco, Nuevo Le\u00f3n, Oaxaca y Chihuahua, as\u00ed como el Jefe de Gobierno de la Ciudad de M\u00e9xico, quien coordina esta Comisi\u00f3n, el gobernador Eruviel \u00c1vila destac\u00f3 que mediante los sistemas de transporte p\u00fablico Mexib\u00fas, con tres rutas en operaci\u00f3n y una en construcci\u00f3n, as\u00ed como el telef\u00e9rico Mexicable, en Ecatepec, y el Tren Interurbano Toluca-M\u00e9xico, ambos en proceso constructivo, se evitar\u00e1 que 450 mil toneladas de di\u00f3xido de carbono lleguen a la atm\u00f3sfera.<\/p>\n<p>Coincidi\u00f3 con la investigadora Julia Carabias y con Mario Molina, en que se deben articular instrumentos y pol\u00edticas que refuercen la coordinaci\u00f3n entre las entidades del pa\u00eds, y reconoci\u00f3 al Gobierno de la Rep\u00fablica pues, en el caso del Estado de M\u00e9xico, ha existido colaboraci\u00f3n y apoyo para mejorar el medio ambiente.<\/p>\n<p>En tanto, el jefe de Gobierno de la Ciudad de M\u00e9xico, Miguel \u00c1ngel Mancera, coordinador de esta Comisi\u00f3n de la Conago, present\u00f3 un plan de trabajo para revertir las consecuencias provocadas por la contaminaci\u00f3n, con acciones como que cada estado de la Rep\u00fablica cuente con un inventario de emisiones y programas para mejorar la calidad del aire; un sistema de monitoreo atmosf\u00e9rico que alerte a la poblaci\u00f3n y grupos vulnerables ante riesgos a la salud por contaminaci\u00f3n; mitigaci\u00f3n y adaptaci\u00f3n a los efectos del cambio clim\u00e1tico a trav\u00e9s del intercambio de experiencias y buenas pr\u00e1cticas en las entidades federativas, y dise\u00f1ar proyectos de movilidad sustentable para reducir emisiones.<\/p>\n<p>Adem\u00e1s, ante los titulares de medio ambiente de las 32 entidades del pa\u00eds, exhort\u00f3 a todos los gobiernos estatales del pa\u00eds a homologar sus pol\u00edticas ambientales, y a comprometerse a darles continuidad para que generen un cambio favorable en el entorno a mediano y largo plazo.<\/p>\n<p>Por su parte, Mario Molina afirm\u00f3 que es necesario destinar m\u00e1s recursos y crear estrategias que frenen los problemas relacionados con el deterioro de la naturaleza, lo cual, asegur\u00f3, se conseguir\u00e1 con una colaboraci\u00f3n m\u00e1s estrecha entre los estados, as\u00ed como mediante el dise\u00f1o de medidas preventivas, pues garantiz\u00f3 que ser\u00e1 m\u00e1s redituable crear pol\u00edticas que eviten este tipo de problemas, del gasto que representar\u00eda corregirlos.<\/p>\n","protected":false},"excerpt":{"rendered":"<p>En su calidad de vicecoordinador de la Comisi\u00f3n de Medio Ambiente de la Conago, el gobernador del Estado de M\u00e9xico, Eruviel \u00c1vila Villegas, propuso destinar m\u00e1s recursos en los pr\u00f3ximos paquetes fiscales del gobierno federal y de las administraciones estatales, para mejorar la calidad del aire mediante el impulso del transporte sustentable, as\u00ed como acciones de reforestaci\u00f3n, verificaci\u00f3n vehicular con tecnolog\u00eda de punta y certificaci\u00f3n de empresas limpias, para disminuir los efectos del cambio clim\u00e1tico.<\/p>\n","protected":false},"author":5,"featured_media":283968,"comment_status":"open","ping_status":"open","sticky":false,"template":"","format":"standard","meta":{"_monsterinsights_skip_tracking":false,"_monsterinsights_sitenote_active":false,"_monsterinsights_sitenote_note":"","_monsterinsights_sitenote_category":0,"footnotes":""},"categories":[35155],"tags":[1908],"class_list":["post-283961","post","type-post","status-publish","format-standard","has-post-thumbnail","hentry","category-estado-de-mexico-estado-de-mexico","tag-medio-ambiente"],"_links":{"self":[{"href":"https:\/\/www.diarioimagen.net\/index.php?rest_route=\/wp\/v2\/posts\/283961","targetHints":{"allow":["GET"]}}],"collection":[{"href":"https:\/\/www.diarioimagen.net\/index.php?rest_route=\/wp\/v2\/posts"}],"about":[{"href":"https:\/\/www.diarioimagen.net\/index.php?rest_route=\/wp\/v2\/types\/post"}],"author":[{"embeddable":true,"href":"https:\/\/www.diarioimagen.net\/index.php?rest_route=\/wp\/v2\/users\/5"}],"replies":[{"embeddable":true,"href":"https:\/\/www.diarioimagen.net\/index.php?rest_route=%2Fwp%2Fv2%2Fcomments&post=283961"}],"version-history":[{"count":0,"href":"https:\/\/www.diarioimagen.net\/index.php?rest_route=\/wp\/v2\/posts\/283961\/revisions"}],"wp:featuredmedia":[{"embeddable":true,"href":"https:\/\/www.diarioimagen.net\/index.php?rest_route=\/wp\/v2\/media\/283968"}],"wp:attachment":[{"href":"https:\/\/www.diarioimagen.net\/index.php?rest_route=%2Fwp%2Fv2%2Fmedia&parent=283961"}],"wp:term":[{"taxonomy":"category","embeddable":true,"href":"https:\/\/www.diarioimagen.net\/index.php?rest_route=%2Fwp%2Fv2%2Fcategories&post=283961"},{"taxonomy":"post_tag","embeddable":true,"href":"https:\/\/www.diarioimagen.net\/index.php?rest_route=%2Fwp%2Fv2%2Ftags&post=283961"}],"curies":[{"name":"wp","href":"https:\/\/api.w.org\/{rel}","templated":true}]}}