{"id":283991,"date":"2016-08-15T00:09:45","date_gmt":"2016-08-15T05:09:45","guid":{"rendered":"http:\/\/www.diarioimagen.net\/?p=283991"},"modified":"2016-08-14T23:58:48","modified_gmt":"2016-08-15T04:58:48","slug":"firman-convenio-para-promover-la-lactancia-materna-en-edomex","status":"publish","type":"post","link":"https:\/\/www.diarioimagen.net\/?p=283991","title":{"rendered":"Convenio para promover la lactancia materna"},"content":{"rendered":"<ul>\n<li><strong><em>Lo firman DIFEM, UNICEF y el Instituto Materno Infantil<\/em><\/strong><\/li>\n<\/ul>\n<p>&nbsp;<\/p>\n<div id=\"attachment_283992\" style=\"width: 430px\" class=\"wp-caption aligncenter\"><a href=\"http:\/\/www.diarioimagen.net\/?attachment_id=283992\" rel=\"attachment wp-att-283992\"><img loading=\"lazy\" decoding=\"async\" aria-describedby=\"caption-attachment-283992\" class=\"size-large wp-image-283992\" src=\"http:\/\/www.diarioimagen.net\/wp-content\/uploads\/2016\/08\/LACTANCIA15-portal-420x245.jpg\" alt=\"El gobierno del Estado de M\u00e9xico promover\u00e1 la lactancia materna a trav\u00e9s de los 125 sistemas Municipales DIF.\" width=\"420\" height=\"245\" srcset=\"https:\/\/www.diarioimagen.net\/wp-content\/uploads\/2016\/08\/LACTANCIA15-portal-420x245.jpg 420w, https:\/\/www.diarioimagen.net\/wp-content\/uploads\/2016\/08\/LACTANCIA15-portal-240x140.jpg 240w, https:\/\/www.diarioimagen.net\/wp-content\/uploads\/2016\/08\/LACTANCIA15-portal.jpg 480w\" sizes=\"auto, (max-width: 420px) 100vw, 420px\" \/><\/a><p id=\"caption-attachment-283992\" class=\"wp-caption-text\">El gobierno del Estado de M\u00e9xico promover\u00e1 la lactancia materna a trav\u00e9s de los 125 sistemas Municipales DIF.<\/p><\/div>\n<p>&nbsp;<\/p>\n<p><strong>Toluca, Estado de M\u00e9xico<\/strong>.- Isis \u00c1vila Mu\u00f1oz, presidenta honoraria del DIF Estado de M\u00e9xico e Isabel Crowly, representante del Fondo de las Naciones Unidas para la Infancia en el pa\u00eds, signaron como testigos de honor el convenio DIFEM-UNICEF-IMIEM, para promover la lactancia materna a trav\u00e9s de los 125 sistemas municipales DIF.<\/p>\n<p>Con este convenio tambi\u00e9n se facilita el acceso del lactario del DIFEM a mam\u00e1s que determine el Instituto Materno Infantil, a fin de asegurar las ventajas de esta pr\u00e1ctica en las madres y sus hijos.<\/p>\n<p>La titular del DIFEM explic\u00f3 que con este convenio, signado formalmente por Carolina Alanis Moreno, directora general del DIF mexiquense y Jes\u00fas Luis Rub\u00ed, director general del IMIEM, se promover\u00e1 el ejercicio de los derechos de las madres lactantes, a trav\u00e9s de los Sistemas Municipales DIF, exhort\u00e1ndolos a crear lactarios con base en la Ley para la Protecci\u00f3n, Apoyo y Promoci\u00f3n a la Lactancia Materna del Estado de M\u00e9xico.<\/p>\n<p>En este sentido, dijo que en el Valle de Toluca se cuenta con 18 salas de lactancia instaladas y 23 en proceso de creaci\u00f3n dentro de los sistemas DIF municipales.<\/p>\n<p>\u201cLos especialistas han revelado que la leche materna contiene cantidades adecuadas de carbohidratos, prote\u00ednas y grasas para el desarrollo infantil; brinda prote\u00ednas digestivas, minerales, vitaminas, hormonas o anticuerpos evitan enfermedades y previene la mortalidad en la ni\u00f1ez\u201d, concluy\u00f3.<\/p>\n","protected":false},"excerpt":{"rendered":"<p> Isis \u00c1vila Mu\u00f1oz, presidenta honoraria del DIF Estado de M\u00e9xico e Isabel Crowly, representante del Fondo de las Naciones Unidas para la Infancia en el pa\u00eds, signaron como testigos de honor el convenio DIFEM-UNICEF-IMIEM, para promover la lactancia materna a trav\u00e9s de los 125 sistemas municipales DIF.<\/p>\n","protected":false},"author":5,"featured_media":283992,"comment_status":"open","ping_status":"open","sticky":false,"template":"","format":"standard","meta":{"_monsterinsights_skip_tracking":false,"_monsterinsights_sitenote_active":false,"_monsterinsights_sitenote_note":"","_monsterinsights_sitenote_category":0,"footnotes":""},"categories":[5],"tags":[52851,43675,28207,52582,452],"class_list":["post-283991","post","type-post","status-publish","format-standard","has-post-thumbnail","hentry","category-estado-de-mexico","tag-carolina-alanis-moreno","tag-estado-de-mexico","tag-isis-avila-munoz","tag-lactancia-materna","tag-toluca"],"_links":{"self":[{"href":"https:\/\/www.diarioimagen.net\/index.php?rest_route=\/wp\/v2\/posts\/283991","targetHints":{"allow":["GET"]}}],"collection":[{"href":"https:\/\/www.diarioimagen.net\/index.php?rest_route=\/wp\/v2\/posts"}],"about":[{"href":"https:\/\/www.diarioimagen.net\/index.php?rest_route=\/wp\/v2\/types\/post"}],"author":[{"embeddable":true,"href":"https:\/\/www.diarioimagen.net\/index.php?rest_route=\/wp\/v2\/users\/5"}],"replies":[{"embeddable":true,"href":"https:\/\/www.diarioimagen.net\/index.php?rest_route=%2Fwp%2Fv2%2Fcomments&post=283991"}],"version-history":[{"count":0,"href":"https:\/\/www.diarioimagen.net\/index.php?rest_route=\/wp\/v2\/posts\/283991\/revisions"}],"wp:featuredmedia":[{"embeddable":true,"href":"https:\/\/www.diarioimagen.net\/index.php?rest_route=\/wp\/v2\/media\/283992"}],"wp:attachment":[{"href":"https:\/\/www.diarioimagen.net\/index.php?rest_route=%2Fwp%2Fv2%2Fmedia&parent=283991"}],"wp:term":[{"taxonomy":"category","embeddable":true,"href":"https:\/\/www.diarioimagen.net\/index.php?rest_route=%2Fwp%2Fv2%2Fcategories&post=283991"},{"taxonomy":"post_tag","embeddable":true,"href":"https:\/\/www.diarioimagen.net\/index.php?rest_route=%2Fwp%2Fv2%2Ftags&post=283991"}],"curies":[{"name":"wp","href":"https:\/\/api.w.org\/{rel}","templated":true}]}}