{"id":284061,"date":"2016-08-15T00:06:10","date_gmt":"2016-08-15T05:06:10","guid":{"rendered":"http:\/\/www.diarioimagen.net\/?p=284061"},"modified":"2016-08-15T03:21:59","modified_gmt":"2016-08-15T08:21:59","slug":"en-naucalpan-se-reconoce-a-jovenes-de-servicio-social","status":"publish","type":"post","link":"https:\/\/www.diarioimagen.net\/?p=284061","title":{"rendered":"En Naucalpan se reconoce a j\u00f3venes de servicio social"},"content":{"rendered":"<ul>\n<li><strong><em>En el marco del D\u00eda Internacional de la Juventud<\/em><\/strong><\/li>\n<\/ul>\n<p>&nbsp;<\/p>\n<div id=\"attachment_284159\" style=\"width: 430px\" class=\"wp-caption aligncenter\"><a href=\"http:\/\/www.diarioimagen.net\/?attachment_id=284159\" rel=\"attachment wp-att-284159\"><img loading=\"lazy\" decoding=\"async\" aria-describedby=\"caption-attachment-284159\" class=\"size-large wp-image-284159\" src=\"http:\/\/www.diarioimagen.net\/wp-content\/uploads\/2016\/08\/NAUCALPAN-2932-420x236.jpg\" alt=\"El INAJU entreg\u00f3 250 reconocimientos a j\u00f3venes que prestaron su servicio social.\" width=\"420\" height=\"236\" srcset=\"https:\/\/www.diarioimagen.net\/wp-content\/uploads\/2016\/08\/NAUCALPAN-2932-420x236.jpg 420w, https:\/\/www.diarioimagen.net\/wp-content\/uploads\/2016\/08\/NAUCALPAN-2932-240x135.jpg 240w, https:\/\/www.diarioimagen.net\/wp-content\/uploads\/2016\/08\/NAUCALPAN-2932-235x132.jpg 235w, https:\/\/www.diarioimagen.net\/wp-content\/uploads\/2016\/08\/NAUCALPAN-2932-202x114.jpg 202w, https:\/\/www.diarioimagen.net\/wp-content\/uploads\/2016\/08\/NAUCALPAN-2932-350x196.jpg 350w, https:\/\/www.diarioimagen.net\/wp-content\/uploads\/2016\/08\/NAUCALPAN-2932-220x123.jpg 220w, https:\/\/www.diarioimagen.net\/wp-content\/uploads\/2016\/08\/NAUCALPAN-2932-237x132.jpg 237w, https:\/\/www.diarioimagen.net\/wp-content\/uploads\/2016\/08\/NAUCALPAN-2932.jpg 480w\" sizes=\"auto, (max-width: 420px) 100vw, 420px\" \/><\/a><p id=\"caption-attachment-284159\" class=\"wp-caption-text\">El INAJU entreg\u00f3 250 reconocimientos a j\u00f3venes que prestaron su servicio social.<\/p><\/div>\n<p>&nbsp;<\/p>\n<p><strong>Naucalpan, Estado de M\u00e9xico<\/strong>.- El Instituto Naucalpense de la Juventud (INAJU) entreg\u00f3 250 reconocimientos a j\u00f3venes que prestaron su servicio social en alguna dependencia, sindicatura o regidur\u00eda\u00a0 del Ayuntamiento,\u00a0 as\u00ed como 100 reconocimientos a j\u00f3venes l\u00edderes de comunidades y escuelas.<\/p>\n<p>En el marco del D\u00eda Internacional de la Juventud,\u00a0 la presidenta del DIF Naucalpan, Liliana de Olvera, felicit\u00f3 a los prestadores de servicio social por su esfuerzo y dedicaci\u00f3n en las labores que desempe\u00f1aron para la administraci\u00f3n municipal.<\/p>\n<p>\u201cCreo en los j\u00f3venes y creo en lo que ahora vivimos, en una responsabilidad compartida con el gobierno, me da mucho gusto ver en todas las dependencias del ayuntamiento, toda esa energ\u00eda de los j\u00f3venes, todo ese \u00e1nimo de servir a m\u00ed me contagia,\u00a0 nos nutren de esa energ\u00eda para trabajar d\u00eda a d\u00eda con responsabilidad y con un sello de transparencia y\u00a0 honestidad\u201d, expres\u00f3 Liliana de Olvera.<\/p>\n<p>Acompa\u00f1ada por el director del INAJU, Mario Manuel S\u00e1nchez Villafuerte y la directora de Desarrollo Social, Mar\u00eda Reyna Moreno Zamora, la presidenta del DIF puntualiz\u00f3 que el edil, Edgar Armando Olvera Higuera,\u00a0 cree en\u00a0 estos j\u00f3venes que tienen ya trazada su meta de vida, que tienen un prop\u00f3sito y una aportaci\u00f3n para que este pa\u00eds y este municipio sea un lugar mejor.<\/p>\n<p>Por su parte, el director del INAJU, Mario Manuel S\u00e1nchez Villafuerte, se\u00f1al\u00f3 que la sociedad espera de los j\u00f3venes fuerza, voluntad, alegr\u00eda, compromiso,\u00a0 y que vean por sus familias, por sus comunidades, y por la gente que m\u00e1s lo necesita.<\/p>\n<p>\u201cEl d\u00eda de hoy queremos felicitar a los j\u00f3venes que se esfuerzan todos los d\u00edas para cumplir sus objetivos, que les interesa aprender, trabajar y fomentar una vida honesta.<\/p>\n<p>&nbsp;<\/p>\n","protected":false},"excerpt":{"rendered":"<p>El Instituto Naucalpense de la Juventud (INAJU) entreg\u00f3 250 reconocimientos a j\u00f3venes que prestaron su servicio social en alguna dependencia, sindicatura o regidur\u00eda  del Ayuntamiento,  as\u00ed como 100 reconocimientos a j\u00f3venes l\u00edderes de comunidades y escuelas.<\/p>\n","protected":false},"author":3,"featured_media":284159,"comment_status":"open","ping_status":"open","sticky":false,"template":"","format":"standard","meta":{"_monsterinsights_skip_tracking":false,"_monsterinsights_sitenote_active":false,"_monsterinsights_sitenote_note":"","_monsterinsights_sitenote_category":0,"footnotes":""},"categories":[35155],"tags":[43675,260,970],"class_list":["post-284061","post","type-post","status-publish","format-standard","has-post-thumbnail","hentry","category-estado-de-mexico-estado-de-mexico","tag-estado-de-mexico","tag-jovenes","tag-naucalpan"],"_links":{"self":[{"href":"https:\/\/www.diarioimagen.net\/index.php?rest_route=\/wp\/v2\/posts\/284061","targetHints":{"allow":["GET"]}}],"collection":[{"href":"https:\/\/www.diarioimagen.net\/index.php?rest_route=\/wp\/v2\/posts"}],"about":[{"href":"https:\/\/www.diarioimagen.net\/index.php?rest_route=\/wp\/v2\/types\/post"}],"author":[{"embeddable":true,"href":"https:\/\/www.diarioimagen.net\/index.php?rest_route=\/wp\/v2\/users\/3"}],"replies":[{"embeddable":true,"href":"https:\/\/www.diarioimagen.net\/index.php?rest_route=%2Fwp%2Fv2%2Fcomments&post=284061"}],"version-history":[{"count":0,"href":"https:\/\/www.diarioimagen.net\/index.php?rest_route=\/wp\/v2\/posts\/284061\/revisions"}],"wp:featuredmedia":[{"embeddable":true,"href":"https:\/\/www.diarioimagen.net\/index.php?rest_route=\/wp\/v2\/media\/284159"}],"wp:attachment":[{"href":"https:\/\/www.diarioimagen.net\/index.php?rest_route=%2Fwp%2Fv2%2Fmedia&parent=284061"}],"wp:term":[{"taxonomy":"category","embeddable":true,"href":"https:\/\/www.diarioimagen.net\/index.php?rest_route=%2Fwp%2Fv2%2Fcategories&post=284061"},{"taxonomy":"post_tag","embeddable":true,"href":"https:\/\/www.diarioimagen.net\/index.php?rest_route=%2Fwp%2Fv2%2Ftags&post=284061"}],"curies":[{"name":"wp","href":"https:\/\/api.w.org\/{rel}","templated":true}]}}