{"id":284063,"date":"2016-08-15T00:01:37","date_gmt":"2016-08-15T05:01:37","guid":{"rendered":"http:\/\/www.diarioimagen.net\/?p=284063"},"modified":"2016-08-15T03:22:48","modified_gmt":"2016-08-15T08:22:48","slug":"se-reune-el-diputado-cruz-roa-con-periodistas","status":"publish","type":"post","link":"https:\/\/www.diarioimagen.net\/?p=284063","title":{"rendered":"Se re\u00fane el diputado Cruz Roa con periodistas"},"content":{"rendered":"<div id=\"attachment_284162\" style=\"width: 430px\" class=\"wp-caption aligncenter\"><a href=\"http:\/\/www.diarioimagen.net\/?attachment_id=284162\" rel=\"attachment wp-att-284162\"><img loading=\"lazy\" decoding=\"async\" aria-describedby=\"caption-attachment-284162\" class=\"size-large wp-image-284162\" src=\"http:\/\/www.diarioimagen.net\/wp-content\/uploads\/2016\/08\/CRUZ-ROA-2932-420x236.jpg\" alt=\"El INAJU entreg\u00f3 250 reconocimientos a j\u00f3venes que prestaron su servicio social.\" width=\"420\" height=\"236\" srcset=\"https:\/\/www.diarioimagen.net\/wp-content\/uploads\/2016\/08\/CRUZ-ROA-2932-420x236.jpg 420w, https:\/\/www.diarioimagen.net\/wp-content\/uploads\/2016\/08\/CRUZ-ROA-2932-240x135.jpg 240w, https:\/\/www.diarioimagen.net\/wp-content\/uploads\/2016\/08\/CRUZ-ROA-2932-235x132.jpg 235w, https:\/\/www.diarioimagen.net\/wp-content\/uploads\/2016\/08\/CRUZ-ROA-2932-202x114.jpg 202w, https:\/\/www.diarioimagen.net\/wp-content\/uploads\/2016\/08\/CRUZ-ROA-2932-350x196.jpg 350w, https:\/\/www.diarioimagen.net\/wp-content\/uploads\/2016\/08\/CRUZ-ROA-2932-220x123.jpg 220w, https:\/\/www.diarioimagen.net\/wp-content\/uploads\/2016\/08\/CRUZ-ROA-2932-237x132.jpg 237w, https:\/\/www.diarioimagen.net\/wp-content\/uploads\/2016\/08\/CRUZ-ROA-2932.jpg 480w\" sizes=\"auto, (max-width: 420px) 100vw, 420px\" \/><\/a><p id=\"caption-attachment-284162\" class=\"wp-caption-text\">El INAJU entreg\u00f3 250 reconocimientos a j\u00f3venes que prestaron su servicio social.<\/p><\/div>\n<p>&nbsp;<\/p>\n<p><strong>Toluca de Lerdo, Estado de M\u00e9xico.-<\/strong> El diputado Cruz\u00a0 Roa S\u00e1nchez, presidente de la Junta de Coordinaci\u00f3n Pol\u00edtica (Jucopo) de la 59 Legislatura mexiquense, sostuvo un encuentro con m\u00e1s de 100 periodistas del Estado de M\u00e9xico, quienes expusieron sus puntos de vista sobre la Ley para la Protecci\u00f3n Integral del Ejercicio Period\u00edstico del Estado de M\u00e9xico, propuesta por el gobernador Eruviel \u00c1vila Villegas.<\/p>\n<p>Adem\u00e1s de agradecerles su participaci\u00f3n, el legislador dijo que se escuchar\u00e1n todas las voces de este importante gremio para consensuar e integrar esta legislaci\u00f3n.<\/p>\n<p>&nbsp;<\/p>\n","protected":false},"excerpt":{"rendered":"<p>El diputado Cruz  Roa S\u00e1nchez, presidente de la Junta de Coordinaci\u00f3n Pol\u00edtica (Jucopo) de la 59 Legislatura mexiquense, sostuvo un encuentro con m\u00e1s de 100 periodistas del Estado de M\u00e9xico, quienes expusieron sus puntos de vista sobre la Ley para la Protecci\u00f3n Integral del Ejercicio Period\u00edstico del Estado de M\u00e9xico, propuesta por el gobernador Eruviel \u00c1vila Villegas. <\/p>\n","protected":false},"author":3,"featured_media":284162,"comment_status":"open","ping_status":"open","sticky":false,"template":"","format":"standard","meta":{"_monsterinsights_skip_tracking":false,"_monsterinsights_sitenote_active":false,"_monsterinsights_sitenote_note":"","_monsterinsights_sitenote_category":0,"footnotes":""},"categories":[35155],"tags":[43675,51994],"class_list":["post-284063","post","type-post","status-publish","format-standard","has-post-thumbnail","hentry","category-estado-de-mexico-estado-de-mexico","tag-estado-de-mexico","tag-toluca-de-lerdo"],"_links":{"self":[{"href":"https:\/\/www.diarioimagen.net\/index.php?rest_route=\/wp\/v2\/posts\/284063","targetHints":{"allow":["GET"]}}],"collection":[{"href":"https:\/\/www.diarioimagen.net\/index.php?rest_route=\/wp\/v2\/posts"}],"about":[{"href":"https:\/\/www.diarioimagen.net\/index.php?rest_route=\/wp\/v2\/types\/post"}],"author":[{"embeddable":true,"href":"https:\/\/www.diarioimagen.net\/index.php?rest_route=\/wp\/v2\/users\/3"}],"replies":[{"embeddable":true,"href":"https:\/\/www.diarioimagen.net\/index.php?rest_route=%2Fwp%2Fv2%2Fcomments&post=284063"}],"version-history":[{"count":0,"href":"https:\/\/www.diarioimagen.net\/index.php?rest_route=\/wp\/v2\/posts\/284063\/revisions"}],"wp:featuredmedia":[{"embeddable":true,"href":"https:\/\/www.diarioimagen.net\/index.php?rest_route=\/wp\/v2\/media\/284162"}],"wp:attachment":[{"href":"https:\/\/www.diarioimagen.net\/index.php?rest_route=%2Fwp%2Fv2%2Fmedia&parent=284063"}],"wp:term":[{"taxonomy":"category","embeddable":true,"href":"https:\/\/www.diarioimagen.net\/index.php?rest_route=%2Fwp%2Fv2%2Fcategories&post=284063"},{"taxonomy":"post_tag","embeddable":true,"href":"https:\/\/www.diarioimagen.net\/index.php?rest_route=%2Fwp%2Fv2%2Ftags&post=284063"}],"curies":[{"name":"wp","href":"https:\/\/api.w.org\/{rel}","templated":true}]}}