{"id":284222,"date":"2016-08-16T00:08:48","date_gmt":"2016-08-16T05:08:48","guid":{"rendered":"http:\/\/www.diarioimagen.net\/?p=284222"},"modified":"2016-08-17T01:02:43","modified_gmt":"2016-08-17T06:02:43","slug":"son-rechazado-entre-40-y-50-de-autos-con-holograma-cero","status":"publish","type":"post","link":"https:\/\/www.diarioimagen.net\/?p=284222","title":{"rendered":"Rechazan hasta 50% de autos con holograma cero"},"content":{"rendered":"<ul>\n<li><strong><em>Alrededor de 1.5 millones de veh\u00edculos dejar\u00e1n de circular diario<\/em><\/strong><\/li>\n<\/ul>\n<h6>Jos\u00e9 Luis Monta\u00f1ez<\/h6>\n<p>&nbsp;<\/p>\n<div id=\"attachment_284223\" style=\"width: 430px\" class=\"wp-caption aligncenter\"><a href=\"http:\/\/www.diarioimagen.net\/?attachment_id=284223\" rel=\"attachment wp-att-284223\"><img loading=\"lazy\" decoding=\"async\" aria-describedby=\"caption-attachment-284223\" class=\"wp-image-284223 size-large\" src=\"http:\/\/www.diarioimagen.net\/wp-content\/uploads\/2016\/08\/RECHAZADOS16-portal-420x245.jpg\" alt=\"Alrededor de un mill\u00f3n 500 mil veh\u00edculos con holograma cero dejar\u00e1n de circular todos los d\u00edas con nuevo proceso de verificaci\u00f3n.\" width=\"420\" height=\"245\" srcset=\"https:\/\/www.diarioimagen.net\/wp-content\/uploads\/2016\/08\/RECHAZADOS16-portal-420x245.jpg 420w, https:\/\/www.diarioimagen.net\/wp-content\/uploads\/2016\/08\/RECHAZADOS16-portal-240x140.jpg 240w, https:\/\/www.diarioimagen.net\/wp-content\/uploads\/2016\/08\/RECHAZADOS16-portal.jpg 480w\" sizes=\"auto, (max-width: 420px) 100vw, 420px\" \/><\/a><p id=\"caption-attachment-284223\" class=\"wp-caption-text\">Alrededor de un mill\u00f3n 500 mil veh\u00edculos con holograma cero dejar\u00e1n de circular todos los d\u00edas con nuevo proceso de verificaci\u00f3n.<\/p><\/div>\n<p>&nbsp;<\/p>\n<p>Con el nuevo proceso de verificaci\u00f3n vehicular son rechazados entre 40 y 50 por ciento de los veh\u00edculos con holograma cero, que se encuentran en verificaci\u00f3n (calcoman\u00eda amarilla y placas con terminaci\u00f3n 5 y 6) porque incumplen con los nuevos l\u00edmites de contaminaci\u00f3n, inform\u00f3 el secretario de Medio Ambiente, Rafael Pacchiano Alam\u00e1n.<\/p>\n<p>Esto significa que s\u00ed hay autom\u00f3viles que no pasaban los l\u00edmites \u201cy que por lo tanto no deber\u00edan de estar circulando diariamente\u201d.<\/p>\n<p>El funcionario federal indic\u00f3 que esperar\u00e1n a diciembre pr\u00f3ximo, cuando se tenga la verificaci\u00f3n de todos los autos, para conocer el dato final.<\/p>\n<p>\u201cEn el \u00faltimo reporte estamos entre 40 y 50 por ciento de los autos que ten\u00edan la calcoman\u00eda cero que ya no est\u00e1n pasando (\u2026) ahorita solamente los amarillos son los que est\u00e1n verificando, 50 por ciento que hemos visto que no tienen los l\u00edmites para tener un holograma cero\u201d.<\/p>\n<p>Ese porcentaje, reiter\u00f3, s\u00f3lo corresponde al engomado amarillo y se deber\u00e1 esperar al cierre del a\u00f1o para conocer el dato de rechazo, pues existen alrededor de un mill\u00f3n 500 mil veh\u00edculos que ten\u00edan holograma cero pero que antes ten\u00edan uno de otro tipo.<\/p>\n<p>Confi\u00f3 en que con estas medidas, a inicios de 2017, cuando ya haya reducido el parque vehicular que circula todos los d\u00edas, se comenzar\u00e1 a observar una mejor\u00eda en la calidad del ambiente del Valle de M\u00e9xico.<\/p>\n<p>El funcionario de Medio Ambiente precis\u00f3 que 88 por ciento de los \u00f3xidos de nitr\u00f3geno es generado por los veh\u00edculos, \u201centonces eso deber\u00eda de ser un primer resultado inmediato, pero es importante decir que la calidad de aire toma tiempo\u201d.<\/p>\n<p>Pacchiano Alam\u00e1n resalt\u00f3 que la activaci\u00f3n de la Fase I de Contingencia Ambiental del fin de semana se debi\u00f3 a que \u201cla cantidad de contaminantes que se est\u00e1n generando en el Valle de M\u00e9xico es superior a la capacidad que tiene el ecosistema de poderlo absorber y poderlo diseminar, por eso toma una importancia muy grande las medidas anunciadas entre los gobiernos de los estados y la Federaci\u00f3n\u201d.<\/p>\n<p>Por ello, reiter\u00f3 que con la nueva norma de verificaci\u00f3n vehicular ser\u00e1 en diciembre cuando se tenga el ciento por ciento del parque vehicular verificado y por lo tanto, se observe una reducci\u00f3n en el n\u00famero de autos que circulan a diario.<\/p>\n","protected":false},"excerpt":{"rendered":"<p><span style=\"color: #005497;\">Jos\u00e9 Luis Monta\u00f1ez<\/span><br \/>\n<br \/>\nCon el nuevo proceso de verificaci\u00f3n vehicular son rechazados entre 40 y 50 por ciento de los veh\u00edculos con holograma cero, que se encuentran en verificaci\u00f3n (calcoman\u00eda amarilla y placas con terminaci\u00f3n 5 y 6) porque incumplen con los nuevos l\u00edmites de contaminaci\u00f3n, inform\u00f3 el secretario de Medio Ambiente, Rafael Pacchiano Alam\u00e1n.<\/p>\n","protected":false},"author":5,"featured_media":284223,"comment_status":"open","ping_status":"open","sticky":false,"template":"","format":"standard","meta":{"_monsterinsights_skip_tracking":false,"_monsterinsights_sitenote_active":false,"_monsterinsights_sitenote_note":"","_monsterinsights_sitenote_category":0,"footnotes":""},"categories":[6],"tags":[204,27005,47113],"class_list":["post-284222","post","type-post","status-publish","format-standard","has-post-thumbnail","hentry","category-cd-de-mexico","tag-ciudad-de-mexico","tag-hoy-no-circula","tag-rafael-pacchiano-alaman"],"_links":{"self":[{"href":"https:\/\/www.diarioimagen.net\/index.php?rest_route=\/wp\/v2\/posts\/284222","targetHints":{"allow":["GET"]}}],"collection":[{"href":"https:\/\/www.diarioimagen.net\/index.php?rest_route=\/wp\/v2\/posts"}],"about":[{"href":"https:\/\/www.diarioimagen.net\/index.php?rest_route=\/wp\/v2\/types\/post"}],"author":[{"embeddable":true,"href":"https:\/\/www.diarioimagen.net\/index.php?rest_route=\/wp\/v2\/users\/5"}],"replies":[{"embeddable":true,"href":"https:\/\/www.diarioimagen.net\/index.php?rest_route=%2Fwp%2Fv2%2Fcomments&post=284222"}],"version-history":[{"count":0,"href":"https:\/\/www.diarioimagen.net\/index.php?rest_route=\/wp\/v2\/posts\/284222\/revisions"}],"wp:featuredmedia":[{"embeddable":true,"href":"https:\/\/www.diarioimagen.net\/index.php?rest_route=\/wp\/v2\/media\/284223"}],"wp:attachment":[{"href":"https:\/\/www.diarioimagen.net\/index.php?rest_route=%2Fwp%2Fv2%2Fmedia&parent=284222"}],"wp:term":[{"taxonomy":"category","embeddable":true,"href":"https:\/\/www.diarioimagen.net\/index.php?rest_route=%2Fwp%2Fv2%2Fcategories&post=284222"},{"taxonomy":"post_tag","embeddable":true,"href":"https:\/\/www.diarioimagen.net\/index.php?rest_route=%2Fwp%2Fv2%2Ftags&post=284222"}],"curies":[{"name":"wp","href":"https:\/\/api.w.org\/{rel}","templated":true}]}}