{"id":284241,"date":"2016-08-15T17:19:01","date_gmt":"2016-08-15T22:19:01","guid":{"rendered":"http:\/\/www.diarioimagen.net\/?p=284241"},"modified":"2016-08-17T01:01:40","modified_gmt":"2016-08-17T06:01:40","slug":"realizan-medicos-del-isem-reconstruccion-nasal","status":"publish","type":"post","link":"https:\/\/www.diarioimagen.net\/?p=284241","title":{"rendered":"Realizan m\u00e9dicos del ISEM reconstrucci\u00f3n nasal"},"content":{"rendered":"<ul>\n<li><em><strong>Paciente afectado por c\u00e1ncer de piel<\/strong><\/em><\/li>\n<\/ul>\n<p>&nbsp;<\/p>\n<div id=\"attachment_284242\" style=\"width: 430px\" class=\"wp-caption aligncenter\"><a href=\"http:\/\/www.diarioimagen.net\/?attachment_id=284242\" rel=\"attachment wp-att-284242\"><img loading=\"lazy\" decoding=\"async\" aria-describedby=\"caption-attachment-284242\" class=\"size-large wp-image-284242\" src=\"http:\/\/www.diarioimagen.net\/wp-content\/uploads\/2016\/08\/ISEM16-portal-420x245.jpg\" alt=\"Especialistas del Centro M\u00e9dico \u201cLic. Adolfo L\u00f3pez Mateos\u201d realizaron gratuitamente una resecci\u00f3n del tumor maligno y una reconstrucci\u00f3n nasal.\" width=\"420\" height=\"245\" srcset=\"https:\/\/www.diarioimagen.net\/wp-content\/uploads\/2016\/08\/ISEM16-portal-420x245.jpg 420w, https:\/\/www.diarioimagen.net\/wp-content\/uploads\/2016\/08\/ISEM16-portal-240x140.jpg 240w, https:\/\/www.diarioimagen.net\/wp-content\/uploads\/2016\/08\/ISEM16-portal.jpg 480w\" sizes=\"auto, (max-width: 420px) 100vw, 420px\" \/><\/a><p id=\"caption-attachment-284242\" class=\"wp-caption-text\">Especialistas del Centro M\u00e9dico \u201cLic. Adolfo L\u00f3pez Mateos\u201d realizaron gratuitamente una resecci\u00f3n del tumor maligno y una reconstrucci\u00f3n nasal.<\/p><\/div>\n<p>&nbsp;<\/p>\n<p>Toluca, Mex.- Las largas jornadas en el campo y la exposici\u00f3n directa a los rayos del sol, provocaron c\u00e1ncer de piel a Juana Flores de 68 a\u00f1os de edad, por lo que especialistas del Centro M\u00e9dico \u201cLic. Adolfo L\u00f3pez Mateos\u201d le realizaron gratuitamente una resecci\u00f3n del tumor maligno y una reconstrucci\u00f3n nasal.<\/p>\n<p>El jefe de cirug\u00eda pl\u00e1stica de este hospital, Fernando Romero, explic\u00f3 que el tumor no se trat\u00f3 a tiempo y estaba muy avanzado; hab\u00eda invadido el cart\u00edlago de la nariz, tom\u00f3 desde la punta, el dorso, el ala y la columnela, por lo que tuvieron que realizar una reconstrucci\u00f3n con injertos cartilaginosos que tomaron de su oreja.<\/p>\n<p>Fernando Romero coment\u00f3 que el carcinoma vasocelular es el tipo de c\u00e1ncer m\u00e1s com\u00fan en la piel y ocurre cuando las c\u00e9lulas crecen sin control; empieza en la epidermis (capa superior de la piel), siendo la exposici\u00f3n a la radiaci\u00f3n ultra violeta de la luz solar el factor de riesgo. Asegur\u00f3 que por lo general este tipo de c\u00e1ncer no es doloroso y sus signos m\u00e1s comunes son: bultos color rosa o p\u00e1lidos, cerosos, brillantes, parches rojos y escamosos, llagas abiertas que pueden sangrar y no sanar.<\/p>\n<p>Por lo que para evitar esta enfermedad, los m\u00e9dicos recomiendan no exponerse a la luz del sol, sobre todo de las 10 de la ma\u00f1ana a las 2 de la tarde, periodo en que la luz ultra violeta es m\u00e1s intensa. As\u00ed que se recomienda usar bloqueador solar, pantallas con factor de protecci\u00f3n m\u00ednima del 40, aplic\u00e1ndolo cada 8 horas y media hora antes de la exposici\u00f3n. El uso de guantes o camisas de manga larga para evitar los rayos directos a la piel, sombrero que cubra los bordes de las orejas, la parte posterior del cuello, el cuello y la cabeza.<\/p>\n","protected":false},"excerpt":{"rendered":"<p>Las largas jornadas en el campo y la exposici\u00f3n directa a los rayos del sol, provocaron c\u00e1ncer de piel a Juana Flores de 68 a\u00f1os de edad, por lo que especialistas del Centro M\u00e9dico \u201cLic. Adolfo L\u00f3pez Mateos\u201d le realizaron gratuitamente una resecci\u00f3n del tumor maligno y una reconstrucci\u00f3n nasal.<\/p>\n","protected":false},"author":5,"featured_media":284242,"comment_status":"open","ping_status":"open","sticky":false,"template":"","format":"standard","meta":{"_monsterinsights_skip_tracking":false,"_monsterinsights_sitenote_active":false,"_monsterinsights_sitenote_note":"","_monsterinsights_sitenote_category":0,"footnotes":""},"categories":[35155],"tags":[13566],"class_list":["post-284241","post","type-post","status-publish","format-standard","has-post-thumbnail","hentry","category-estado-de-mexico-estado-de-mexico","tag-isem"],"_links":{"self":[{"href":"https:\/\/www.diarioimagen.net\/index.php?rest_route=\/wp\/v2\/posts\/284241","targetHints":{"allow":["GET"]}}],"collection":[{"href":"https:\/\/www.diarioimagen.net\/index.php?rest_route=\/wp\/v2\/posts"}],"about":[{"href":"https:\/\/www.diarioimagen.net\/index.php?rest_route=\/wp\/v2\/types\/post"}],"author":[{"embeddable":true,"href":"https:\/\/www.diarioimagen.net\/index.php?rest_route=\/wp\/v2\/users\/5"}],"replies":[{"embeddable":true,"href":"https:\/\/www.diarioimagen.net\/index.php?rest_route=%2Fwp%2Fv2%2Fcomments&post=284241"}],"version-history":[{"count":0,"href":"https:\/\/www.diarioimagen.net\/index.php?rest_route=\/wp\/v2\/posts\/284241\/revisions"}],"wp:featuredmedia":[{"embeddable":true,"href":"https:\/\/www.diarioimagen.net\/index.php?rest_route=\/wp\/v2\/media\/284242"}],"wp:attachment":[{"href":"https:\/\/www.diarioimagen.net\/index.php?rest_route=%2Fwp%2Fv2%2Fmedia&parent=284241"}],"wp:term":[{"taxonomy":"category","embeddable":true,"href":"https:\/\/www.diarioimagen.net\/index.php?rest_route=%2Fwp%2Fv2%2Fcategories&post=284241"},{"taxonomy":"post_tag","embeddable":true,"href":"https:\/\/www.diarioimagen.net\/index.php?rest_route=%2Fwp%2Fv2%2Ftags&post=284241"}],"curies":[{"name":"wp","href":"https:\/\/api.w.org\/{rel}","templated":true}]}}