{"id":284292,"date":"2016-08-16T00:03:28","date_gmt":"2016-08-16T05:03:28","guid":{"rendered":"http:\/\/www.diarioimagen.net\/?p=284292"},"modified":"2016-08-17T01:02:10","modified_gmt":"2016-08-17T06:02:10","slug":"preven-derrama-de-5-7-mil-mdp-por-regreso-a-clases","status":"publish","type":"post","link":"https:\/\/www.diarioimagen.net\/?p=284292","title":{"rendered":"Prev\u00e9n derrama de 5.7 mil mdp por regreso a clases"},"content":{"rendered":"<ul>\n<li><strong><em>Comerciantes de la capital<\/em><\/strong><\/li>\n<\/ul>\n<p>&nbsp;<\/p>\n<div id=\"attachment_284388\" style=\"width: 430px\" class=\"wp-caption aligncenter\"><a href=\"http:\/\/www.diarioimagen.net\/?attachment_id=284388\" rel=\"attachment wp-att-284388\"><img loading=\"lazy\" decoding=\"async\" aria-describedby=\"caption-attachment-284388\" class=\"size-large wp-image-284388\" src=\"http:\/\/www.diarioimagen.net\/wp-content\/uploads\/2016\/08\/DERRAMA-2933-420x236.jpg\" alt=\"Con el inicio de clases, el comercio organizado espera ventas por 5 mil 720 millones de pesos.\" width=\"420\" height=\"236\" srcset=\"https:\/\/www.diarioimagen.net\/wp-content\/uploads\/2016\/08\/DERRAMA-2933-420x236.jpg 420w, https:\/\/www.diarioimagen.net\/wp-content\/uploads\/2016\/08\/DERRAMA-2933-240x135.jpg 240w, https:\/\/www.diarioimagen.net\/wp-content\/uploads\/2016\/08\/DERRAMA-2933-235x132.jpg 235w, https:\/\/www.diarioimagen.net\/wp-content\/uploads\/2016\/08\/DERRAMA-2933-202x114.jpg 202w, https:\/\/www.diarioimagen.net\/wp-content\/uploads\/2016\/08\/DERRAMA-2933-350x196.jpg 350w, https:\/\/www.diarioimagen.net\/wp-content\/uploads\/2016\/08\/DERRAMA-2933-220x123.jpg 220w, https:\/\/www.diarioimagen.net\/wp-content\/uploads\/2016\/08\/DERRAMA-2933-237x132.jpg 237w, https:\/\/www.diarioimagen.net\/wp-content\/uploads\/2016\/08\/DERRAMA-2933.jpg 480w\" sizes=\"auto, (max-width: 420px) 100vw, 420px\" \/><\/a><p id=\"caption-attachment-284388\" class=\"wp-caption-text\">Con el inicio de clases, el comercio organizado espera ventas por 5 mil 720 millones de pesos.<\/p><\/div>\n<p>&nbsp;<\/p>\n<p>El comercio establecido de la Ciudad de M\u00e9xico espera ventas por 5 mil 720 millones de pesos desde finales de julio y todo agosto con motivo del regreso a clases, 4.25 por ciento m\u00e1s que en el mismo periodo de 2015.<\/p>\n<p>En conferencia donde el sector rechaz\u00f3 la amenaza del magisterio disidente de boicotear el inicio de ciclo escolar, la presidenta de la C\u00e1mara de Comercio, Servicios y Turismo en Peque\u00f1o (Canacope) local, Ada Irma Cruz, admiti\u00f3 que con la actividad escolar de alrededor de 2 millones 600 mil alumnos, desde preescolar hasta licenciatura, se reactiva la econom\u00eda.<\/p>\n<p>Destac\u00f3 que la situaci\u00f3n de los precios de los diferentes art\u00edculos escolares y otros bienes y servicios vinculados con esta actividad se mantienen estables, con incrementos marginales y sin mayor impacto por alzas en otros rubros, como los combustibles y la electricidad.<\/p>\n<p>Dijo que un factor que s\u00ed afecta no s\u00f3lo a la econom\u00eda formal, sino a la familiar es el relacionado con la pirater\u00eda y venta de \u00fatiles escolares en la informalidad, siendo en los mercados sobre ruedas (tianguis) donde se concentra esta actividad ilegal que llega a representar hasta 9.0 por ciento del total de las ventas.<\/p>\n<p>Entre los giros que ven incrementadas sus ventas en esta temporada de regreso a clases, est\u00e1n las papeler\u00edas, uniformes escolares, librer\u00edas, zapater\u00edas, mochilas, copiado, mercer\u00edas, fotograf\u00eda y venta y reparaci\u00f3n de equipo de c\u00f3mputo.<\/p>\n<p>En cuanto al amago de la Coordinadora Nacional de Trabajadores de la Educaci\u00f3n (CNTE) respecto a impedir o boicotear el regreso a clases, indic\u00f3 que ning\u00fan profesor debe anteponer pretensiones personales al derecho de los alumnos a la educaci\u00f3n.<\/p>\n<p>\u201cEn esa l\u00f3gica, exhortamos a los trabajadores de la educaci\u00f3n, integrantes de la CNTE, a revertir la imagen negativa del magisterio y mantener su lucha a trav\u00e9s de compartir su conocimiento d\u00eda a d\u00eda en las aulas\u201d, subray\u00f3.<\/p>\n<p>Mencion\u00f3 que la afectaci\u00f3n econ\u00f3mica para el comercio establecido de la Ciudad de M\u00e9xico por los bloqueos y marchas del magisterio disidente asciende a la fecha a 400 millones de pesos, con m\u00e1s de 2 millones de personas afectadas directa o indirectamente.<\/p>\n<p>&nbsp;<\/p>\n","protected":false},"excerpt":{"rendered":"<p>El comercio establecido de la Ciudad de M\u00e9xico espera ventas por 5 mil 720 millones de pesos desde finales de julio y todo agosto con motivo del regreso a clases, 4.25 por ciento m\u00e1s que en el mismo periodo de 2015.<\/p>\n","protected":false},"author":3,"featured_media":284388,"comment_status":"open","ping_status":"open","sticky":false,"template":"","format":"standard","meta":{"_monsterinsights_skip_tracking":false,"_monsterinsights_sitenote_active":false,"_monsterinsights_sitenote_note":"","_monsterinsights_sitenote_category":0,"footnotes":""},"categories":[6],"tags":[204,6711,393],"class_list":["post-284292","post","type-post","status-publish","format-standard","has-post-thumbnail","hentry","category-cd-de-mexico","tag-ciudad-de-mexico","tag-derrama-economica","tag-regreso-a-clases"],"_links":{"self":[{"href":"https:\/\/www.diarioimagen.net\/index.php?rest_route=\/wp\/v2\/posts\/284292","targetHints":{"allow":["GET"]}}],"collection":[{"href":"https:\/\/www.diarioimagen.net\/index.php?rest_route=\/wp\/v2\/posts"}],"about":[{"href":"https:\/\/www.diarioimagen.net\/index.php?rest_route=\/wp\/v2\/types\/post"}],"author":[{"embeddable":true,"href":"https:\/\/www.diarioimagen.net\/index.php?rest_route=\/wp\/v2\/users\/3"}],"replies":[{"embeddable":true,"href":"https:\/\/www.diarioimagen.net\/index.php?rest_route=%2Fwp%2Fv2%2Fcomments&post=284292"}],"version-history":[{"count":0,"href":"https:\/\/www.diarioimagen.net\/index.php?rest_route=\/wp\/v2\/posts\/284292\/revisions"}],"wp:featuredmedia":[{"embeddable":true,"href":"https:\/\/www.diarioimagen.net\/index.php?rest_route=\/wp\/v2\/media\/284388"}],"wp:attachment":[{"href":"https:\/\/www.diarioimagen.net\/index.php?rest_route=%2Fwp%2Fv2%2Fmedia&parent=284292"}],"wp:term":[{"taxonomy":"category","embeddable":true,"href":"https:\/\/www.diarioimagen.net\/index.php?rest_route=%2Fwp%2Fv2%2Fcategories&post=284292"},{"taxonomy":"post_tag","embeddable":true,"href":"https:\/\/www.diarioimagen.net\/index.php?rest_route=%2Fwp%2Fv2%2Ftags&post=284292"}],"curies":[{"name":"wp","href":"https:\/\/api.w.org\/{rel}","templated":true}]}}