{"id":284307,"date":"2016-08-16T00:02:47","date_gmt":"2016-08-16T05:02:47","guid":{"rendered":"http:\/\/www.diarioimagen.net\/?p=284307"},"modified":"2016-08-16T05:03:36","modified_gmt":"2016-08-16T10:03:36","slug":"victor-manuel-estrada-garibay-entrega-patrullas-en-cuautitlan-izcalli","status":"publish","type":"post","link":"https:\/\/www.diarioimagen.net\/?p=284307","title":{"rendered":"V\u00edctor Manuel Estrada Garibay entrega patrullas en Cuautitl\u00e1n Izcalli"},"content":{"rendered":"<p><a href=\"http:\/\/www.diarioimagen.net\/?attachment_id=284352\" rel=\"attachment wp-att-284352\"><img loading=\"lazy\" decoding=\"async\" class=\"aligncenter size-large wp-image-284352\" src=\"http:\/\/www.diarioimagen.net\/wp-content\/uploads\/2016\/08\/CUAUTITLAN-2933-420x236.jpg\" alt=\"CUAUTITLAN-2933\" width=\"420\" height=\"236\" srcset=\"https:\/\/www.diarioimagen.net\/wp-content\/uploads\/2016\/08\/CUAUTITLAN-2933-420x236.jpg 420w, https:\/\/www.diarioimagen.net\/wp-content\/uploads\/2016\/08\/CUAUTITLAN-2933-240x135.jpg 240w, https:\/\/www.diarioimagen.net\/wp-content\/uploads\/2016\/08\/CUAUTITLAN-2933-235x132.jpg 235w, https:\/\/www.diarioimagen.net\/wp-content\/uploads\/2016\/08\/CUAUTITLAN-2933-202x114.jpg 202w, https:\/\/www.diarioimagen.net\/wp-content\/uploads\/2016\/08\/CUAUTITLAN-2933-350x196.jpg 350w, https:\/\/www.diarioimagen.net\/wp-content\/uploads\/2016\/08\/CUAUTITLAN-2933-220x123.jpg 220w, https:\/\/www.diarioimagen.net\/wp-content\/uploads\/2016\/08\/CUAUTITLAN-2933-237x132.jpg 237w, https:\/\/www.diarioimagen.net\/wp-content\/uploads\/2016\/08\/CUAUTITLAN-2933.jpg 480w\" sizes=\"auto, (max-width: 420px) 100vw, 420px\" \/><\/a><\/p>\n<p>&nbsp;<\/p>\n<p><strong>Cuautitl\u00e1n Izcalli, Estado de M\u00e9xico.-<\/strong> Con la presencia del presidente municipal, V\u00edctor Manuel Estrada Garibay, se hizo la entrega de 43 unidades de seguridad p\u00fablica y diez patrullas para tr\u00e1nsito municipal a la comisar\u00eda de Cuautitl\u00e1n Izcalli, la cual est\u00e1 al frente del comandante Loth Oswaldo Centeno Lara. Dichas unidades fueron bendecidas por\u00a0Francisco Gonz\u00e1lez Ramos, obispo de la di\u00f3cesis de la comunidad.<\/p>\n<p>&nbsp;<\/p>\n","protected":false},"excerpt":{"rendered":"<p>Con la presencia del presidente municipal, V\u00edctor Manuel Estrada Garibay, se hizo la entrega de 43 unidades de seguridad p\u00fablica y diez patrullas para tr\u00e1nsito municipal a la comisar\u00eda de Cuautitl\u00e1n Izcalli, la cual est\u00e1 al frente del comandante Loth Oswaldo Centeno Lara. Dichas unidades fueron bendecidas por Francisco Gonz\u00e1lez Ramos, obispo de la di\u00f3cesis de la comunidad.<\/p>\n","protected":false},"author":3,"featured_media":284352,"comment_status":"open","ping_status":"open","sticky":false,"template":"","format":"standard","meta":{"_monsterinsights_skip_tracking":false,"_monsterinsights_sitenote_active":false,"_monsterinsights_sitenote_note":"","_monsterinsights_sitenote_category":0,"footnotes":""},"categories":[35155],"tags":[971,24769,43675,25778],"class_list":["post-284307","post","type-post","status-publish","format-standard","has-post-thumbnail","hentry","category-estado-de-mexico-estado-de-mexico","tag-cuautitlan-izcalli","tag-entrega","tag-estado-de-mexico","tag-patrullas"],"_links":{"self":[{"href":"https:\/\/www.diarioimagen.net\/index.php?rest_route=\/wp\/v2\/posts\/284307","targetHints":{"allow":["GET"]}}],"collection":[{"href":"https:\/\/www.diarioimagen.net\/index.php?rest_route=\/wp\/v2\/posts"}],"about":[{"href":"https:\/\/www.diarioimagen.net\/index.php?rest_route=\/wp\/v2\/types\/post"}],"author":[{"embeddable":true,"href":"https:\/\/www.diarioimagen.net\/index.php?rest_route=\/wp\/v2\/users\/3"}],"replies":[{"embeddable":true,"href":"https:\/\/www.diarioimagen.net\/index.php?rest_route=%2Fwp%2Fv2%2Fcomments&post=284307"}],"version-history":[{"count":0,"href":"https:\/\/www.diarioimagen.net\/index.php?rest_route=\/wp\/v2\/posts\/284307\/revisions"}],"wp:featuredmedia":[{"embeddable":true,"href":"https:\/\/www.diarioimagen.net\/index.php?rest_route=\/wp\/v2\/media\/284352"}],"wp:attachment":[{"href":"https:\/\/www.diarioimagen.net\/index.php?rest_route=%2Fwp%2Fv2%2Fmedia&parent=284307"}],"wp:term":[{"taxonomy":"category","embeddable":true,"href":"https:\/\/www.diarioimagen.net\/index.php?rest_route=%2Fwp%2Fv2%2Fcategories&post=284307"},{"taxonomy":"post_tag","embeddable":true,"href":"https:\/\/www.diarioimagen.net\/index.php?rest_route=%2Fwp%2Fv2%2Ftags&post=284307"}],"curies":[{"name":"wp","href":"https:\/\/api.w.org\/{rel}","templated":true}]}}