{"id":284317,"date":"2016-08-16T00:09:47","date_gmt":"2016-08-16T05:09:47","guid":{"rendered":"http:\/\/www.diarioimagen.net\/?p=284317"},"modified":"2016-08-16T05:17:06","modified_gmt":"2016-08-16T10:17:06","slug":"se-importa-leche-a-precio-de-oro-dicen-productores","status":"publish","type":"post","link":"https:\/\/www.diarioimagen.net\/?p=284317","title":{"rendered":"Se importa leche a precio de oro, dicen productores"},"content":{"rendered":"<ul>\n<li><strong><em>Denuncian mala administraci\u00f3n<\/em><\/strong><\/li>\n<\/ul>\n<p>&nbsp;<\/p>\n<div id=\"attachment_284377\" style=\"width: 430px\" class=\"wp-caption aligncenter\"><a href=\"http:\/\/www.diarioimagen.net\/?attachment_id=284377\" rel=\"attachment wp-att-284377\"><img loading=\"lazy\" decoding=\"async\" aria-describedby=\"caption-attachment-284377\" class=\"size-large wp-image-284377\" src=\"http:\/\/www.diarioimagen.net\/wp-content\/uploads\/2016\/08\/LICONSA-2933-420x236.jpg\" alt=\"Liconsa paga la leche importada 31 por ciento m\u00e1s cara por tonelada, denuncian productores nacionales.\" width=\"420\" height=\"236\" srcset=\"https:\/\/www.diarioimagen.net\/wp-content\/uploads\/2016\/08\/LICONSA-2933-420x236.jpg 420w, https:\/\/www.diarioimagen.net\/wp-content\/uploads\/2016\/08\/LICONSA-2933-240x135.jpg 240w, https:\/\/www.diarioimagen.net\/wp-content\/uploads\/2016\/08\/LICONSA-2933-235x132.jpg 235w, https:\/\/www.diarioimagen.net\/wp-content\/uploads\/2016\/08\/LICONSA-2933-202x114.jpg 202w, https:\/\/www.diarioimagen.net\/wp-content\/uploads\/2016\/08\/LICONSA-2933-350x196.jpg 350w, https:\/\/www.diarioimagen.net\/wp-content\/uploads\/2016\/08\/LICONSA-2933-220x123.jpg 220w, https:\/\/www.diarioimagen.net\/wp-content\/uploads\/2016\/08\/LICONSA-2933-237x132.jpg 237w, https:\/\/www.diarioimagen.net\/wp-content\/uploads\/2016\/08\/LICONSA-2933.jpg 480w\" sizes=\"auto, (max-width: 420px) 100vw, 420px\" \/><\/a><p id=\"caption-attachment-284377\" class=\"wp-caption-text\">Liconsa paga la leche importada 31 por ciento m\u00e1s cara por tonelada, denuncian productores nacionales.<\/p><\/div>\n<p>&nbsp;<\/p>\n<p>El Frente Nacional de Productores y Consumidores de Leche acus\u00f3 a la Sedesol de permitir la importaci\u00f3n de parte de Liconsa de leche en polvo a precios alzados y present\u00f3 las notas de los \u201cestados financieros\u201d de la dependencia, como prueba.<\/p>\n<p>\u00c1lvaro Gonz\u00e1lez, presidente del citado frente, mostr\u00f3 los documentos que prueban que en diciembre pasado Liconsa compr\u00f3 24 mil toneladas de leche en polvo con un valor de 59 millones 320 mil d\u00f3lares.<\/p>\n<p>Y mostr\u00f3 tambi\u00e9n que el promedio internacional es de mil 880 d\u00f3lares por tonelada, lo cual es avalado por el Departamento de Agricultura de los Estados Unidos y se\u00f1ala que Liconsa pag\u00f3 la leche adquirida 31 por ciento m\u00e1s cara por tonelada, lo cual, si nadie est\u00e1 robando, \u201cpareciera\u201d o existe mala administraci\u00f3n, pues dichas compras representan el 25 por ciento del total que estima vender Liconsa este a\u00f1o.<\/p>\n<p>Todo lo anterior tiene un inter\u00e9s jur\u00eddico, de que Liconsa comunic\u00f3 a los productores mexicanos, que debido a la falta de recursos y reducci\u00f3n de su presupuesto, no podr\u00e1 comprar leche, a pesar de que para los consumidores se aument\u00f3 en un peso m\u00e1s el litro del l\u00e1cteo.<\/p>\n<p>Los ganaderos mexicanos exigen que se d\u00e9 preferencia a ellos en la compra de la leche y que no se le recorte el presupuesto a Liconsa, pues los principales beneficiarios son los productores de leche, y recordaron que Liconsa hoy recibe un peso m\u00e1s por cada litro de leche y en el pa\u00eds se producen 31 millones de litros al d\u00eda y 24 millones son los que produce Alpura, Lala y la Nestl\u00e9, que venden al mercado abierto.<\/p>\n<p style=\"text-align: center;\"><strong>Procesos de licitaci\u00f3n transparentes: Liconsa<\/strong><\/p>\n<p>Por su parte, el director general de Liconsa, H\u00e9ctor Pablo Ram\u00edrez Puga Leyva, sostuvo que los procesos de licitaci\u00f3n de esta empresa, tanto nacionales como internacionales, son totalmente transparentes y conforme a lo establecido en la ley.<\/p>\n<p>En 2015 se import\u00f3 leche a un precio de 4.09 pesos por litro, el cual corresponde a la mejor oferta internacional, de acuerdo con los est\u00e1ndares de calidad que la paraestatal requiere, destac\u00f3 en un comunicado.<\/p>\n<p>El funcionario federal subray\u00f3 que en el mercado internacional existen indicadores que establecen los precios para la leche como producto y, por tanto, surgen diferentes precios para distintos tipos de l\u00e1cteo.<\/p>\n<p>Liconsa adquiere leche en cuyo precio va incluida su fortificaci\u00f3n, los gastos de internaci\u00f3n al pa\u00eds y los seguros, por lo que el valor al que compr\u00f3 en 2015 corresponde a la mejor oferta en el mercado, de acuerdo con el tipo de producto requerido.<\/p>\n<p>&nbsp;<\/p>\n","protected":false},"excerpt":{"rendered":"<p>El Frente Nacional de Productores y Consumidores de Leche acus\u00f3 a la Sedesol de permitir la importaci\u00f3n de parte de Liconsa de leche en polvo a precios alzados y present\u00f3 las notas de los \u201cestados financieros\u201d de la dependencia, como prueba.<\/p>\n","protected":false},"author":3,"featured_media":284377,"comment_status":"open","ping_status":"open","sticky":false,"template":"","format":"standard","meta":{"_monsterinsights_skip_tracking":false,"_monsterinsights_sitenote_active":false,"_monsterinsights_sitenote_note":"","_monsterinsights_sitenote_category":0,"footnotes":""},"categories":[3],"tags":[15947,1212,1081,43673,10094,14565],"class_list":["post-284317","post","type-post","status-publish","format-standard","has-post-thumbnail","hentry","category-nacional","tag-importacion","tag-leche","tag-liconsa","tag-nacional","tag-oro","tag-precio"],"_links":{"self":[{"href":"https:\/\/www.diarioimagen.net\/index.php?rest_route=\/wp\/v2\/posts\/284317","targetHints":{"allow":["GET"]}}],"collection":[{"href":"https:\/\/www.diarioimagen.net\/index.php?rest_route=\/wp\/v2\/posts"}],"about":[{"href":"https:\/\/www.diarioimagen.net\/index.php?rest_route=\/wp\/v2\/types\/post"}],"author":[{"embeddable":true,"href":"https:\/\/www.diarioimagen.net\/index.php?rest_route=\/wp\/v2\/users\/3"}],"replies":[{"embeddable":true,"href":"https:\/\/www.diarioimagen.net\/index.php?rest_route=%2Fwp%2Fv2%2Fcomments&post=284317"}],"version-history":[{"count":0,"href":"https:\/\/www.diarioimagen.net\/index.php?rest_route=\/wp\/v2\/posts\/284317\/revisions"}],"wp:featuredmedia":[{"embeddable":true,"href":"https:\/\/www.diarioimagen.net\/index.php?rest_route=\/wp\/v2\/media\/284377"}],"wp:attachment":[{"href":"https:\/\/www.diarioimagen.net\/index.php?rest_route=%2Fwp%2Fv2%2Fmedia&parent=284317"}],"wp:term":[{"taxonomy":"category","embeddable":true,"href":"https:\/\/www.diarioimagen.net\/index.php?rest_route=%2Fwp%2Fv2%2Fcategories&post=284317"},{"taxonomy":"post_tag","embeddable":true,"href":"https:\/\/www.diarioimagen.net\/index.php?rest_route=%2Fwp%2Fv2%2Ftags&post=284317"}],"curies":[{"name":"wp","href":"https:\/\/api.w.org\/{rel}","templated":true}]}}