{"id":284500,"date":"2016-08-17T00:08:26","date_gmt":"2016-08-17T05:08:26","guid":{"rendered":"http:\/\/www.diarioimagen.net\/?p=284500"},"modified":"2016-08-17T04:33:30","modified_gmt":"2016-08-17T09:33:30","slug":"lucha-contra-la-corrupcion","status":"publish","type":"post","link":"https:\/\/www.diarioimagen.net\/?p=284500","title":{"rendered":"Lucha contra la corrupci\u00f3n"},"content":{"rendered":"<h2>Arco Norte<\/h2>\n<h5>Jos\u00e9 Luis Monta\u00f1ez Aguilar<\/h5>\n<p>&nbsp;<\/p>\n<p><a href=\"http:\/\/www.diarioimagen.net\/?attachment_id=284598\" rel=\"attachment wp-att-284598\"><img loading=\"lazy\" decoding=\"async\" class=\"aligncenter size-large wp-image-284598\" src=\"http:\/\/www.diarioimagen.net\/wp-content\/uploads\/2016\/08\/arco-2934-420x236.jpg\" alt=\"arco-2934\" width=\"420\" height=\"236\" srcset=\"https:\/\/www.diarioimagen.net\/wp-content\/uploads\/2016\/08\/arco-2934-420x236.jpg 420w, https:\/\/www.diarioimagen.net\/wp-content\/uploads\/2016\/08\/arco-2934-240x135.jpg 240w, https:\/\/www.diarioimagen.net\/wp-content\/uploads\/2016\/08\/arco-2934-235x132.jpg 235w, https:\/\/www.diarioimagen.net\/wp-content\/uploads\/2016\/08\/arco-2934-202x114.jpg 202w, https:\/\/www.diarioimagen.net\/wp-content\/uploads\/2016\/08\/arco-2934-350x196.jpg 350w, https:\/\/www.diarioimagen.net\/wp-content\/uploads\/2016\/08\/arco-2934-220x123.jpg 220w, https:\/\/www.diarioimagen.net\/wp-content\/uploads\/2016\/08\/arco-2934-237x132.jpg 237w, https:\/\/www.diarioimagen.net\/wp-content\/uploads\/2016\/08\/arco-2934.jpg 480w\" sizes=\"auto, (max-width: 420px) 100vw, 420px\" \/><\/a><\/p>\n<p>&nbsp;<\/p>\n<p>El gobernador Eruviel \u00c1vila Villegas envi\u00f3 al Congreso del Estado de M\u00e9xico un paquete de iniciativas de reformas para mejorar el clima de negocios en la entidad, que incluyen la tipificaci\u00f3n del delito de \u201cobstrucci\u00f3n a la inversi\u00f3n\u201d para servidores p\u00fablicos que incurran en actos indebidos en el tema; la creaci\u00f3n de la Comisi\u00f3n Estatal de Factibilidad para emitir un \u00fanico dictamen, as\u00ed como la generaci\u00f3n del protocolo electr\u00f3nico para liberaci\u00f3n de hipotecas, entre otros.<\/p>\n<p>El mandatario mexiquense confi\u00f3 en que se aprueben las mismas, que implican reformar nueve \u00f3rdenes legales de la entidad, cinco leyes y cuatro c\u00f3digos. \u00c1vila Villegas inform\u00f3 que de aprobarse estas iniciativas, ser\u00e1 necesario revisar y ajustar algunos reglamentos estatales, adem\u00e1s de que se realizar\u00e1n certificaciones, nuevos formatos y capacitaciones, por lo que llevar\u00e1 algunos meses su implementaci\u00f3n.<\/p>\n<p style=\"text-align: center;\"><strong>Inaugura Isis \u00c1vila sala de lactancia en un DIF municipal<\/strong><\/p>\n<p>Isis \u00c1vila Mu\u00f1oz, presidenta honoraria del Sistema para el Desarrollo Integral de la Familia del Estado de M\u00e9xico, inaugur\u00f3 la sala de lactancia\u00a0 en las instalaciones del sistema DIF de Ixtlahuaca, la primera en su tipo a nivel municipal en el estado, en donde adem\u00e1s se realizaron trabajos de remodelaci\u00f3n de la cl\u00ednica odontol\u00f3gica, que ofrecer\u00e1 tratamientos a bajo costo para contribuir al ahorro de las familias y entreg\u00f3 apoyos a seis mil familias, entre los que se encuentran Canastas Mexiquenses.<\/p>\n<p>Acompa\u00f1ada de Yolanda Sent\u00edes Echeverr\u00eda, coordinadora estatal de Lactancia Materna, Isis \u00c1vila explic\u00f3\u00a0 que el DIFEM, atendiendo\u00a0 las recomendaciones de la Organizaci\u00f3n Mundial de la Salud (OMS) para garantizar el sano desarrollo de los beb\u00e9s por medio de la leche materna, sign\u00f3 un convenio con Instituto Materno Infantil y UNICEF M\u00e9xico, para motivar que los 125 DIF municipales cuenten con al menos una sala de lactancia.<\/p>\n<p style=\"text-align: center;\"><strong>Recibe L\u00ednea Sin Violencia m\u00e1s de 2 mil llamadas <\/strong><\/p>\n<p>Por otra parte,\u00a0 Norma Ponce Orozco, vocal ejecutiva del Consejo Estatal de la Mujer y Bienestar Social (CEMyBS) dio a conocer que de enero a julio de este a\u00f1o, 2 mil 430 llamadas han sido recibidas en la L\u00ednea Sin Violencia 01 800 1084 053, de las cuales el 70 por ciento han sido para solicitar informaci\u00f3n y 30 por ciento para atenci\u00f3n psicol\u00f3gica, jur\u00eddica y de canalizaci\u00f3n a otras dependencias gubernamentales.<\/p>\n<p>Se\u00f1al\u00f3 que la L\u00ednea Sin Violencia forma parte de las acciones de atenci\u00f3n y prevenci\u00f3n de la violencia de g\u00e9nero y que se encuentran enmarcadas en el programa de desarrollo social Mexiquenses Sin Violencia.<\/p>\n<p><em><a href=\"mailto:montanezaguilar@gmail.com\" target=\"_blank\">montanezaguilar@gmail.com<\/a><\/em><\/p>\n","protected":false},"excerpt":{"rendered":"<p><span style=\"color: #005497;\">Jos\u00e9 Luis Monta\u00f1ez Aguilar<\/span><br \/>\n<br \/>\nEl gobernador Eruviel \u00c1vila Villegas envi\u00f3 al Congreso del Estado de M\u00e9xico un paquete de iniciativas de reformas para mejorar el clima de negocios en la entidad, que incluyen la tipificaci\u00f3n del delito de \u201cobstrucci\u00f3n a la inversi\u00f3n\u201d para servidores p\u00fablicos que incurran en actos indebidos en el tema; la creaci\u00f3n de la Comisi\u00f3n Estatal de Factibilidad para emitir un \u00fanico dictamen, as\u00ed como la generaci\u00f3n del protocolo electr\u00f3nico para liberaci\u00f3n de hipotecas, entre otros.<\/p>\n","protected":false},"author":3,"featured_media":284598,"comment_status":"open","ping_status":"open","sticky":false,"template":"","format":"standard","meta":{"_monsterinsights_skip_tracking":false,"_monsterinsights_sitenote_active":false,"_monsterinsights_sitenote_note":"","_monsterinsights_sitenote_category":0,"footnotes":""},"categories":[5],"tags":[13284,43704,43674],"class_list":["post-284500","post","type-post","status-publish","format-standard","has-post-thumbnail","hentry","category-estado-de-mexico","tag-arco-norte","tag-jose-luis-montanez-aguilar","tag-opinion"],"_links":{"self":[{"href":"https:\/\/www.diarioimagen.net\/index.php?rest_route=\/wp\/v2\/posts\/284500","targetHints":{"allow":["GET"]}}],"collection":[{"href":"https:\/\/www.diarioimagen.net\/index.php?rest_route=\/wp\/v2\/posts"}],"about":[{"href":"https:\/\/www.diarioimagen.net\/index.php?rest_route=\/wp\/v2\/types\/post"}],"author":[{"embeddable":true,"href":"https:\/\/www.diarioimagen.net\/index.php?rest_route=\/wp\/v2\/users\/3"}],"replies":[{"embeddable":true,"href":"https:\/\/www.diarioimagen.net\/index.php?rest_route=%2Fwp%2Fv2%2Fcomments&post=284500"}],"version-history":[{"count":0,"href":"https:\/\/www.diarioimagen.net\/index.php?rest_route=\/wp\/v2\/posts\/284500\/revisions"}],"wp:featuredmedia":[{"embeddable":true,"href":"https:\/\/www.diarioimagen.net\/index.php?rest_route=\/wp\/v2\/media\/284598"}],"wp:attachment":[{"href":"https:\/\/www.diarioimagen.net\/index.php?rest_route=%2Fwp%2Fv2%2Fmedia&parent=284500"}],"wp:term":[{"taxonomy":"category","embeddable":true,"href":"https:\/\/www.diarioimagen.net\/index.php?rest_route=%2Fwp%2Fv2%2Fcategories&post=284500"},{"taxonomy":"post_tag","embeddable":true,"href":"https:\/\/www.diarioimagen.net\/index.php?rest_route=%2Fwp%2Fv2%2Ftags&post=284500"}],"curies":[{"name":"wp","href":"https:\/\/api.w.org\/{rel}","templated":true}]}}