{"id":284548,"date":"2016-08-17T00:04:46","date_gmt":"2016-08-17T05:04:46","guid":{"rendered":"http:\/\/www.diarioimagen.net\/?p=284548"},"modified":"2016-08-17T05:44:48","modified_gmt":"2016-08-17T10:44:48","slug":"la-economia-crece-pese-a-clima-adverso-videgaray","status":"publish","type":"post","link":"https:\/\/www.diarioimagen.net\/?p=284548","title":{"rendered":"La econom\u00eda crece, pese a clima adverso: Videgaray"},"content":{"rendered":"<p><strong><em>Dinamismo del mercado interno<\/em><\/strong><\/p>\n<p>&nbsp;<\/p>\n<div id=\"attachment_284646\" style=\"width: 430px\" class=\"wp-caption aligncenter\"><a href=\"http:\/\/www.diarioimagen.net\/?attachment_id=284646\" rel=\"attachment wp-att-284646\"><img loading=\"lazy\" decoding=\"async\" aria-describedby=\"caption-attachment-284646\" class=\"size-large wp-image-284646\" src=\"http:\/\/www.diarioimagen.net\/wp-content\/uploads\/2016\/08\/VIDEGARAY-2934-420x236.jpg\" alt=\"Luis Videgaray afirma que la econom\u00eda mexicana sigue creciendo, pese al adverso entorno financiero global.\" width=\"420\" height=\"236\" srcset=\"https:\/\/www.diarioimagen.net\/wp-content\/uploads\/2016\/08\/VIDEGARAY-2934-420x236.jpg 420w, https:\/\/www.diarioimagen.net\/wp-content\/uploads\/2016\/08\/VIDEGARAY-2934-240x135.jpg 240w, https:\/\/www.diarioimagen.net\/wp-content\/uploads\/2016\/08\/VIDEGARAY-2934-235x132.jpg 235w, https:\/\/www.diarioimagen.net\/wp-content\/uploads\/2016\/08\/VIDEGARAY-2934-202x114.jpg 202w, https:\/\/www.diarioimagen.net\/wp-content\/uploads\/2016\/08\/VIDEGARAY-2934-350x196.jpg 350w, https:\/\/www.diarioimagen.net\/wp-content\/uploads\/2016\/08\/VIDEGARAY-2934-220x123.jpg 220w, https:\/\/www.diarioimagen.net\/wp-content\/uploads\/2016\/08\/VIDEGARAY-2934-237x132.jpg 237w, https:\/\/www.diarioimagen.net\/wp-content\/uploads\/2016\/08\/VIDEGARAY-2934.jpg 480w\" sizes=\"auto, (max-width: 420px) 100vw, 420px\" \/><\/a><p id=\"caption-attachment-284646\" class=\"wp-caption-text\">Luis Videgaray afirma que la econom\u00eda mexicana sigue creciendo, pese al adverso entorno financiero global.<\/p><\/div>\n<p>&nbsp;<\/p>\n<p>El secretario de Hacienda y Cr\u00e9dito P\u00fablico, Luis Videgaray, destac\u00f3 en Monterrey que la econom\u00eda mexicana sigue creciendo, pese al adverso entorno financiero global, impulsada por el dinamismo del mercado interno.<\/p>\n<p>As\u00ed lo dijo el funcionario federal en conferencia de prensa, luego de encabezar el evento Lideres del Ma\u00f1ana, en el Tecnol\u00f3gico de Monterrey, y tambi\u00e9n resalt\u00f3 que el paquete econ\u00f3mico de 2017 ser\u00e1 conservador y prudente.<\/p>\n<p>Puntualiz\u00f3 que \u201clo primero que hay que destacar es que M\u00e9xico est\u00e1 creciendo y est\u00e1 creciendo m\u00e1s que el resto de Am\u00e9rica Latina, ante un entorno financiero y econ\u00f3mico global muy adverso\u201d.<\/p>\n<p>\u201cEl crecimiento de M\u00e9xico se est\u00e1 dando fundamentalmente a partir del dinamismo del mercado interno\u201d, subray\u00f3.<\/p>\n<p>Se\u00f1al\u00f3 que \u201cacabamos de ver, por ejemplo, las cifras en julio de ventas de autom\u00f3viles o de las ventas de las tiendas de autoservicio, que no solamente no han ca\u00eddo, sino que est\u00e1n creciendo a tasas muy aceleradas\u201d.<\/p>\n<p>El funcionario federal enfatiz\u00f3 que \u201ces el mercado dom\u00e9stico, el mercado interno, a partir de la estabilidad que tiene la econom\u00eda, lo que nos est\u00e1 permitiendo seguir creciendo, a pesar del entorno internacional\u201d.<\/p>\n<p>Para el pr\u00f3ximo a\u00f1o, indic\u00f3, ser\u00e1 en septiembre cuando se proponga a la C\u00e1mara de Diputados el escenario econ\u00f3mico, como parte de los criterios generales de pol\u00edtica econ\u00f3mica y habremos de ser conservadores.<\/p>\n<p>Sostuvo que \u201chabremos de presentar un paquete econ\u00f3mico, un presupuesto de egresos que tenga un escenario conservador en materia de precios de petr\u00f3leo, tasas de inter\u00e9s, crecimiento econ\u00f3mico\u201d.<\/p>\n<p>Videgaray manifest\u00f3 que \u201ccreemos que dado los riesgos que representa la econom\u00eda internacional, debemos de ser muy prudentes\u201d<\/p>\n<p>Por otra parte, dijo que \u201cuna prioridad desde el principio de la administraci\u00f3n ha sido el combate al crimen organizado, un combate a trav\u00e9s de diferentes modalidades, incluyendo los delitos de car\u00e1cter financiero\u201d.<\/p>\n<p>\u201cHemos elevado las caracter\u00edsticas de nuestras normas a los mejores est\u00e1ndares internacionales, M\u00e9xico ha sido reconocido as\u00ed por la comunidad internacional y por supuesto que este es un proceso continuo\u201d.<\/p>\n<p>Esto, \u201ces algo en lo que todos los d\u00edas, en todo el territorio nacional, tenemos que trabajar de la mano de las distintas instituciones del sistema financiero, para evitar el tipo de pr\u00e1cticas de simulaci\u00f3n o de lavado de dinero, u otro tipo de pr\u00e1cticas con dinero de origen il\u00edcito\u201d.<\/p>\n<p>Videgaray Caso manifest\u00f3: \u201cestamos trabajando de manera muy cercana con otras \u00e1reas del gobierno federal, particularmente con la Procuradur\u00eda General de la Rep\u00fablica\u201d.<\/p>\n<p>&nbsp;<\/p>\n","protected":false},"excerpt":{"rendered":"<p>El secretario de Hacienda y Cr\u00e9dito P\u00fablico, Luis Videgaray, destac\u00f3 en Monterrey que la econom\u00eda mexicana sigue creciendo, pese al adverso entorno financiero global, impulsada por el dinamismo del mercado interno.<\/p>\n","protected":false},"author":3,"featured_media":284646,"comment_status":"open","ping_status":"open","sticky":false,"template":"","format":"standard","meta":{"_monsterinsights_skip_tracking":false,"_monsterinsights_sitenote_active":false,"_monsterinsights_sitenote_note":"","_monsterinsights_sitenote_category":0,"footnotes":""},"categories":[8],"tags":[2021,43678,7517,1102],"class_list":["post-284548","post","type-post","status-publish","format-standard","has-post-thumbnail","hentry","category-finanzas","tag-crecimiento","tag-finanzas","tag-luis-videgaray-caso","tag-shcp"],"_links":{"self":[{"href":"https:\/\/www.diarioimagen.net\/index.php?rest_route=\/wp\/v2\/posts\/284548","targetHints":{"allow":["GET"]}}],"collection":[{"href":"https:\/\/www.diarioimagen.net\/index.php?rest_route=\/wp\/v2\/posts"}],"about":[{"href":"https:\/\/www.diarioimagen.net\/index.php?rest_route=\/wp\/v2\/types\/post"}],"author":[{"embeddable":true,"href":"https:\/\/www.diarioimagen.net\/index.php?rest_route=\/wp\/v2\/users\/3"}],"replies":[{"embeddable":true,"href":"https:\/\/www.diarioimagen.net\/index.php?rest_route=%2Fwp%2Fv2%2Fcomments&post=284548"}],"version-history":[{"count":0,"href":"https:\/\/www.diarioimagen.net\/index.php?rest_route=\/wp\/v2\/posts\/284548\/revisions"}],"wp:featuredmedia":[{"embeddable":true,"href":"https:\/\/www.diarioimagen.net\/index.php?rest_route=\/wp\/v2\/media\/284646"}],"wp:attachment":[{"href":"https:\/\/www.diarioimagen.net\/index.php?rest_route=%2Fwp%2Fv2%2Fmedia&parent=284548"}],"wp:term":[{"taxonomy":"category","embeddable":true,"href":"https:\/\/www.diarioimagen.net\/index.php?rest_route=%2Fwp%2Fv2%2Fcategories&post=284548"},{"taxonomy":"post_tag","embeddable":true,"href":"https:\/\/www.diarioimagen.net\/index.php?rest_route=%2Fwp%2Fv2%2Ftags&post=284548"}],"curies":[{"name":"wp","href":"https:\/\/api.w.org\/{rel}","templated":true}]}}