{"id":284693,"date":"2016-08-18T00:06:12","date_gmt":"2016-08-18T05:06:12","guid":{"rendered":"http:\/\/www.diarioimagen.net\/?p=284693"},"modified":"2016-08-19T01:06:18","modified_gmt":"2016-08-19T06:06:18","slug":"anuncia-eruviel-avila-becas-para-padres-que-tengan-hijos-con-discapacidad","status":"publish","type":"post","link":"https:\/\/www.diarioimagen.net\/?p=284693","title":{"rendered":"Dar\u00e1n becas a padres de hijos con discapacidad"},"content":{"rendered":"<ul>\n<li><em><strong>Recibir\u00e1n herramientas para que puedan emprender su propio negocio<\/strong><\/em><\/li>\n<\/ul>\n<p>&nbsp;<\/p>\n<div id=\"attachment_284694\" style=\"width: 430px\" class=\"wp-caption aligncenter\"><a href=\"http:\/\/www.diarioimagen.net\/?attachment_id=284694\" rel=\"attachment wp-att-284694\"><img loading=\"lazy\" decoding=\"async\" aria-describedby=\"caption-attachment-284694\" class=\"size-large wp-image-284694\" src=\"http:\/\/www.diarioimagen.net\/wp-content\/uploads\/2016\/08\/Eruviel-PORTAL-420x245.jpg\" alt=\"El gobierno de Eruviel \u00c1vila ofrecer\u00e1 becas del 100 por ciento para padres de familia de ni\u00f1os con discapacidad.\" width=\"420\" height=\"245\" srcset=\"https:\/\/www.diarioimagen.net\/wp-content\/uploads\/2016\/08\/Eruviel-PORTAL-420x245.jpg 420w, https:\/\/www.diarioimagen.net\/wp-content\/uploads\/2016\/08\/Eruviel-PORTAL-240x140.jpg 240w, https:\/\/www.diarioimagen.net\/wp-content\/uploads\/2016\/08\/Eruviel-PORTAL.jpg 480w\" sizes=\"auto, (max-width: 420px) 100vw, 420px\" \/><\/a><p id=\"caption-attachment-284694\" class=\"wp-caption-text\">El gobierno de Eruviel \u00c1vila ofrecer\u00e1 becas del 100 por ciento para padres de familia de ni\u00f1os con discapacidad.<\/p><\/div>\n<p>&nbsp;<\/p>\n<p><strong>Nezahualc\u00f3yotl, Estado de M\u00e9xico<\/strong>.- El gobernador Eruviel \u00c1vila Villegas dio a conocer que el gobierno estatal ofrecer\u00e1 becas del 100 por ciento para padres de familia de ni\u00f1os con discapacidad, que quieran prepararse en las Escuelas de Artes y Oficios y Unidades de Capacitaci\u00f3n Externa del Estado de M\u00e9xico, en cursos como corte y confecci\u00f3n, cultura de belleza, mec\u00e1nica, electricidad, entre otros, y cuando los concluyan recibir\u00e1n las herramientas necesarias para que puedan emprender su propio negocio.<\/p>\n<p>\u201cHoy quiero informarles, primeramente, y poner a disposici\u00f3n de todos los padres de familia, madres de familia, las 54 Escuelas de Artes y Oficios, as\u00ed como las Unidades de Capacitaci\u00f3n, para quien guste, quien lo desee, totalmente becados, al 100 por ciento, puedan capacitarse en oficios por ejemplo, como lo pueden ser, mec\u00e1nica, electricidad, computaci\u00f3n, ingl\u00e9s, reposter\u00eda, gastronom\u00eda, corte y confecci\u00f3n, o tambi\u00e9n en cultora de belleza\u201d, se\u00f1al\u00f3.<\/p>\n<p>Acompa\u00f1ado por Fernando Landeros Verdugo, presidente de Fundaci\u00f3n Telet\u00f3n, durante la Cuarta Feria Nacional de Empleo para Personas con Discapacidad y Adultos Mayores, el gobernador Eruviel \u00c1vila explic\u00f3 que esta acci\u00f3n es para apoyar la econom\u00eda de las mam\u00e1s y pap\u00e1s que dedican tiempo en el proceso de rehabilitaci\u00f3n de sus hijos.<\/p>\n<p>Asimismo, destac\u00f3 algunas de las acciones que la administraci\u00f3n mexiquense ha llevado a cabo para apoyar a las personas con discapacidad, como la puesta en operaci\u00f3n del Centro de Atenci\u00f3n a Personas con Discapacidad Visual en Naucalpan, cuyos servicios ofreci\u00f3 a los pacientes Telet\u00f3n; el Centro de Rehabilitaci\u00f3n con Asistencia Canina y la entrega de computadoras tiflot\u00e9cnicas a estudiantes que padecen ceguera, quienes tambi\u00e9n son becados hasta que terminen sus estudios universitarios.<\/p>\n<p>Adem\u00e1s, se cuenta con el Centro Regional de Desarrollo Infantil y Autismo en Ixtapaluca y se han entregado 346 veh\u00edculos a los DIF municipales que sirven para trasladar a pacientes con discapacidad, y este a\u00f1o se realizar\u00e1n en el Edomex tres Ferias de Empleo m\u00e1s para personas con discapacidad, en Cuautitl\u00e1n, Nezahualc\u00f3yotl y Ecatepec.<\/p>\n<p>En la Cuarta Feria Nacional de Empleo para Personas con Discapacidad y Adultos Mayores, realizada en el Centro Telet\u00f3n Nezahualc\u00f3yotl, participan 30 empresas y se ofertan casi 300 vacantes, teniendo como resultado 188 solicitantes registrados y 100 citas programadas.<\/p>\n","protected":false},"excerpt":{"rendered":"<p>El gobernador Eruviel \u00c1vila Villegas dio a conocer que el gobierno estatal ofrecer\u00e1 becas del 100 por ciento para padres de familia de ni\u00f1os con discapacidad, que quieran prepararse en las Escuelas de Artes y Oficios y Unidades de Capacitaci\u00f3n Externa del Estado de M\u00e9xico, en cursos como corte y confecci\u00f3n, cultura de belleza, mec\u00e1nica, electricidad, entre otros, y cuando los concluyan recibir\u00e1n las herramientas necesarias para que puedan emprender su propio negocio.<\/p>\n","protected":false},"author":5,"featured_media":284694,"comment_status":"open","ping_status":"open","sticky":false,"template":"","format":"standard","meta":{"_monsterinsights_skip_tracking":false,"_monsterinsights_sitenote_active":false,"_monsterinsights_sitenote_note":"","_monsterinsights_sitenote_category":0,"footnotes":""},"categories":[5],"tags":[11642,24566,43675,14901,1577],"class_list":["post-284693","post","type-post","status-publish","format-standard","has-post-thumbnail","hentry","category-estado-de-mexico","tag-becas","tag-discapacidad","tag-estado-de-mexico","tag-hijos","tag-nezahualcoyotl"],"_links":{"self":[{"href":"https:\/\/www.diarioimagen.net\/index.php?rest_route=\/wp\/v2\/posts\/284693","targetHints":{"allow":["GET"]}}],"collection":[{"href":"https:\/\/www.diarioimagen.net\/index.php?rest_route=\/wp\/v2\/posts"}],"about":[{"href":"https:\/\/www.diarioimagen.net\/index.php?rest_route=\/wp\/v2\/types\/post"}],"author":[{"embeddable":true,"href":"https:\/\/www.diarioimagen.net\/index.php?rest_route=\/wp\/v2\/users\/5"}],"replies":[{"embeddable":true,"href":"https:\/\/www.diarioimagen.net\/index.php?rest_route=%2Fwp%2Fv2%2Fcomments&post=284693"}],"version-history":[{"count":0,"href":"https:\/\/www.diarioimagen.net\/index.php?rest_route=\/wp\/v2\/posts\/284693\/revisions"}],"wp:featuredmedia":[{"embeddable":true,"href":"https:\/\/www.diarioimagen.net\/index.php?rest_route=\/wp\/v2\/media\/284694"}],"wp:attachment":[{"href":"https:\/\/www.diarioimagen.net\/index.php?rest_route=%2Fwp%2Fv2%2Fmedia&parent=284693"}],"wp:term":[{"taxonomy":"category","embeddable":true,"href":"https:\/\/www.diarioimagen.net\/index.php?rest_route=%2Fwp%2Fv2%2Fcategories&post=284693"},{"taxonomy":"post_tag","embeddable":true,"href":"https:\/\/www.diarioimagen.net\/index.php?rest_route=%2Fwp%2Fv2%2Ftags&post=284693"}],"curies":[{"name":"wp","href":"https:\/\/api.w.org\/{rel}","templated":true}]}}