{"id":284742,"date":"2016-08-18T00:08:48","date_gmt":"2016-08-18T05:08:48","guid":{"rendered":"http:\/\/www.diarioimagen.net\/?p=284742"},"modified":"2016-08-18T07:30:57","modified_gmt":"2016-08-18T12:30:57","slug":"acuden-diputados-a-ceremonia-de-investidura-de-grado-doctor-honoris-causa-a-jose-narro","status":"publish","type":"post","link":"https:\/\/www.diarioimagen.net\/?p=284742","title":{"rendered":"Acuden diputados a ceremonia de investidura de grado <em>Doctor Honoris Causa<\/em> a Jos\u00e9 Narro"},"content":{"rendered":"<p><a href=\"http:\/\/www.diarioimagen.net\/?attachment_id=284834\" rel=\"attachment wp-att-284834\"><img loading=\"lazy\" decoding=\"async\" class=\"aligncenter size-large wp-image-284834\" src=\"http:\/\/www.diarioimagen.net\/wp-content\/uploads\/2016\/08\/toluca-2935-420x236.jpg\" alt=\"toluca-2935\" width=\"420\" height=\"236\" srcset=\"https:\/\/www.diarioimagen.net\/wp-content\/uploads\/2016\/08\/toluca-2935-420x236.jpg 420w, https:\/\/www.diarioimagen.net\/wp-content\/uploads\/2016\/08\/toluca-2935-240x135.jpg 240w, https:\/\/www.diarioimagen.net\/wp-content\/uploads\/2016\/08\/toluca-2935-235x132.jpg 235w, https:\/\/www.diarioimagen.net\/wp-content\/uploads\/2016\/08\/toluca-2935-202x114.jpg 202w, https:\/\/www.diarioimagen.net\/wp-content\/uploads\/2016\/08\/toluca-2935-350x196.jpg 350w, https:\/\/www.diarioimagen.net\/wp-content\/uploads\/2016\/08\/toluca-2935-220x123.jpg 220w, https:\/\/www.diarioimagen.net\/wp-content\/uploads\/2016\/08\/toluca-2935-237x132.jpg 237w, https:\/\/www.diarioimagen.net\/wp-content\/uploads\/2016\/08\/toluca-2935.jpg 480w\" sizes=\"auto, (max-width: 420px) 100vw, 420px\" \/><\/a><\/p>\n<p>&nbsp;<\/p>\n<p><strong>Toluca de Lerdo, M\u00e9x.-<\/strong> Los diputados Cruz Roa S\u00e1nchez, presidente de la Junta de Coordinaci\u00f3n Pol\u00edtica, y Tassio Benjam\u00edn Ram\u00edrez Hern\u00e1ndez, presidente de la Diputaci\u00f3n Permanente de la 59 Legislatura mexiquense, acudieron a la ceremonia de investidura del grado <em>Doctor Honoris Causa, <\/em>que la Escuela Judicial del Estado de M\u00e9xico otorg\u00f3 a Jos\u00e9 Narro Robles, secretario de Salud del gobierno de la Rep\u00fablica, que cont\u00f3 con la participaci\u00f3n del gobernador Eruviel \u00c1vila Villegas y del presidente del Tribunal Superior de Justicia y del Consejo de la Judicatura, Sergio Javier Medina Pe\u00f1aloza.<\/p>\n<p>&nbsp;<\/p>\n","protected":false},"excerpt":{"rendered":"<p>Los diputados Cruz Roa S\u00e1nchez, presidente de la Junta de Coordinaci\u00f3n Pol\u00edtica, y Tassio Benjam\u00edn Ram\u00edrez Hern\u00e1ndez, presidente de la Diputaci\u00f3n Permanente de la 59 Legislatura mexiquense, acudieron a la ceremonia<\/p>\n","protected":false},"author":3,"featured_media":284834,"comment_status":"open","ping_status":"open","sticky":false,"template":"","format":"standard","meta":{"_monsterinsights_skip_tracking":false,"_monsterinsights_sitenote_active":false,"_monsterinsights_sitenote_note":"","_monsterinsights_sitenote_category":0,"footnotes":""},"categories":[5],"tags":[5828,571],"class_list":["post-284742","post","type-post","status-publish","format-standard","has-post-thumbnail","hentry","category-estado-de-mexico","tag-eruviel-avila-villegas","tag-jose-narro-robles"],"_links":{"self":[{"href":"https:\/\/www.diarioimagen.net\/index.php?rest_route=\/wp\/v2\/posts\/284742","targetHints":{"allow":["GET"]}}],"collection":[{"href":"https:\/\/www.diarioimagen.net\/index.php?rest_route=\/wp\/v2\/posts"}],"about":[{"href":"https:\/\/www.diarioimagen.net\/index.php?rest_route=\/wp\/v2\/types\/post"}],"author":[{"embeddable":true,"href":"https:\/\/www.diarioimagen.net\/index.php?rest_route=\/wp\/v2\/users\/3"}],"replies":[{"embeddable":true,"href":"https:\/\/www.diarioimagen.net\/index.php?rest_route=%2Fwp%2Fv2%2Fcomments&post=284742"}],"version-history":[{"count":0,"href":"https:\/\/www.diarioimagen.net\/index.php?rest_route=\/wp\/v2\/posts\/284742\/revisions"}],"wp:featuredmedia":[{"embeddable":true,"href":"https:\/\/www.diarioimagen.net\/index.php?rest_route=\/wp\/v2\/media\/284834"}],"wp:attachment":[{"href":"https:\/\/www.diarioimagen.net\/index.php?rest_route=%2Fwp%2Fv2%2Fmedia&parent=284742"}],"wp:term":[{"taxonomy":"category","embeddable":true,"href":"https:\/\/www.diarioimagen.net\/index.php?rest_route=%2Fwp%2Fv2%2Fcategories&post=284742"},{"taxonomy":"post_tag","embeddable":true,"href":"https:\/\/www.diarioimagen.net\/index.php?rest_route=%2Fwp%2Fv2%2Ftags&post=284742"}],"curies":[{"name":"wp","href":"https:\/\/api.w.org\/{rel}","templated":true}]}}