{"id":285141,"date":"2016-08-22T00:08:00","date_gmt":"2016-08-22T05:08:00","guid":{"rendered":"http:\/\/www.diarioimagen.net\/?p=285141"},"modified":"2016-08-22T04:54:47","modified_gmt":"2016-08-22T09:54:47","slug":"se-van-611-mil-261-mdp-en-pensiones-urge-una-reforma","status":"publish","type":"post","link":"https:\/\/www.diarioimagen.net\/?p=285141","title":{"rendered":"Se van 611 mil 261 mdp en pensiones; urge una reforma"},"content":{"rendered":"<ul>\n<li><strong><em>Representa 17% del gasto: SHCP<\/em><\/strong><\/li>\n<\/ul>\n<p>&nbsp;<\/p>\n<div id=\"attachment_285253\" style=\"width: 430px\" class=\"wp-caption aligncenter\"><a href=\"http:\/\/www.diarioimagen.net\/?attachment_id=285253\" rel=\"attachment wp-att-285253\"><img loading=\"lazy\" decoding=\"async\" aria-describedby=\"caption-attachment-285253\" class=\"size-large wp-image-285253\" src=\"http:\/\/www.diarioimagen.net\/wp-content\/uploads\/2016\/08\/PENSIONES-2937-420x236.jpg\" alt=\"El gasto pensionario representa 2.0 por ciento del PIB, un total de 611 mil 261 millones de pesos, es decir, 17 por ciento del gasto programable del gobierno.\" width=\"420\" height=\"236\" srcset=\"https:\/\/www.diarioimagen.net\/wp-content\/uploads\/2016\/08\/PENSIONES-2937-420x236.jpg 420w, https:\/\/www.diarioimagen.net\/wp-content\/uploads\/2016\/08\/PENSIONES-2937-240x135.jpg 240w, https:\/\/www.diarioimagen.net\/wp-content\/uploads\/2016\/08\/PENSIONES-2937-235x132.jpg 235w, https:\/\/www.diarioimagen.net\/wp-content\/uploads\/2016\/08\/PENSIONES-2937-202x114.jpg 202w, https:\/\/www.diarioimagen.net\/wp-content\/uploads\/2016\/08\/PENSIONES-2937-350x196.jpg 350w, https:\/\/www.diarioimagen.net\/wp-content\/uploads\/2016\/08\/PENSIONES-2937-220x123.jpg 220w, https:\/\/www.diarioimagen.net\/wp-content\/uploads\/2016\/08\/PENSIONES-2937-237x132.jpg 237w, https:\/\/www.diarioimagen.net\/wp-content\/uploads\/2016\/08\/PENSIONES-2937.jpg 480w\" sizes=\"auto, (max-width: 420px) 100vw, 420px\" \/><\/a><p id=\"caption-attachment-285253\" class=\"wp-caption-text\">El gasto pensionario representa 2.0 por ciento del PIB, un total de 611 mil 261 millones de pesos, es decir, 17 por ciento del gasto programable del gobierno.<\/p><\/div>\n<p>&nbsp;<\/p>\n<p>La Secretar\u00eda de Hacienda y Cr\u00e9dito P\u00fablico (SHCP) consider\u00f3 fundamental discutir abiertamente como pa\u00eds, la necesidad de llevar a cabo reformas al sistema de pensiones de cuentas individuales.<\/p>\n<p>Ello, agreg\u00f3, para permitir elevar la tasa de reemplazo (el monto de pensi\u00f3n que se recibe respecto del \u00faltimo sueldo) esperada de la generaci\u00f3n de trabajadores que se pensionar\u00e1 con los recursos de su Administradora de Fondos para el Retiro (Afore).<\/p>\n<p>Apunt\u00f3 que con datos del Presupuesto de Egresos 2016, el gasto pensionario representa 2.0 por ciento del PIB, un total de 611 mil 261 millones de pesos, es decir 17 por ciento del gasto programable del gobierno, cifra que crecer\u00e1 r\u00e1pidamente en los pr\u00f3ximos a\u00f1os.<\/p>\n<p>Conforme a las proyecciones que tiene la Comisi\u00f3n Nacional del Sistema de Ahorro para el Retiro (Consar), abund\u00f3 la SHCP, el nivel de ahorro resulta insuficiente para alcanzar la pensi\u00f3n que desean los mexicanos.<\/p>\n<p>De acuerdo con est\u00e1ndares internacionales, la pensi\u00f3n jubilatoria deber\u00eda ser de cerca de 70 por ciento del \u00faltimo salario percibido, a\u00f1adi\u00f3 la dependencia federal en el Informe Semanal de su Vocer\u00eda.<\/p>\n<p>Seg\u00fan datos del Consejo Nacional de Poblaci\u00f3n (Conapo), en M\u00e9xico la esperanza de vida actual es de 75 a\u00f1os y se espera que para el 2050 aumente a 79 a\u00f1os, en tanto que el periodo promedio de vida tras la jubilaci\u00f3n laboral para los mexicanos es de 17 a\u00f1os.<\/p>\n<p>La poblaci\u00f3n de 60 a\u00f1os y m\u00e1s aumentar\u00e1 81 por ciento durante el periodo 2015-2030 en el pa\u00eds, mientras que para 2050, poco m\u00e1s de la cuarta parte de la poblaci\u00f3n tendr\u00e1 m\u00e1s de 60 a\u00f1os.<\/p>\n<p>La Secretar\u00eda de Hacienda coment\u00f3 que M\u00e9xico se encuentra en un proceso de transici\u00f3n, en el cual operan varios esquemas de pensiones: el de \u201cbeneficio definido\u201d; el sistema de pensiones de cuentas individuales y el Programa 65 y M\u00e1s.<\/p>\n<p>Explic\u00f3 que el de \u201cbeneficio definido\u201d es el sistema en el que los trabajadores en activo pagan las pensiones de los trabajadores que ya se han retirado.<\/p>\n<p>Se\u00f1al\u00f3 que actualmente el gobierno federal destina crecientes recursos para pagar las pensiones de la generaci\u00f3n \u201cde transici\u00f3n\u201d, aquellos trabajadores que se pensionar\u00e1n bajo las viejas reglas de beneficio definido.<\/p>\n<p>En tanto, el sistema de pensiones de cuenta individual comenz\u00f3 su operaci\u00f3n en 1992, con la creaci\u00f3n del Sistema de Ahorro para el Retiro (SAR) y un incremento de la aportaci\u00f3n patronal al rubro de pensi\u00f3n, en dos puntos porcentuales el salario base de cotizaci\u00f3n (previamente se encontraba en 4.5 por ciento).<\/p>\n<p>La dependencia federal record\u00f3 que posteriormente, en 1997 nacen las Afores y a partir de ese momento los recursos hechos y tener una fuente y dividua al a nombre del trabajador.<\/p>\n<p>&nbsp;<\/p>\n","protected":false},"excerpt":{"rendered":"<p>La Secretar\u00eda de Hacienda y Cr\u00e9dito P\u00fablico (SHCP) consider\u00f3 fundamental discutir abiertamente como pa\u00eds, la necesidad de llevar a cabo reformas al sistema de pensiones de cuentas individuales.<\/p>\n","protected":false},"author":3,"featured_media":285253,"comment_status":"open","ping_status":"open","sticky":false,"template":"","format":"standard","meta":{"_monsterinsights_skip_tracking":false,"_monsterinsights_sitenote_active":false,"_monsterinsights_sitenote_note":"","_monsterinsights_sitenote_category":0,"footnotes":""},"categories":[3],"tags":[2131,1246,1101,1102],"class_list":["post-285141","post","type-post","status-publish","format-standard","has-post-thumbnail","hentry","category-nacional","tag-pensiones","tag-reforma","tag-secretaria-de-hacienda-y-credito-publico","tag-shcp"],"_links":{"self":[{"href":"https:\/\/www.diarioimagen.net\/index.php?rest_route=\/wp\/v2\/posts\/285141","targetHints":{"allow":["GET"]}}],"collection":[{"href":"https:\/\/www.diarioimagen.net\/index.php?rest_route=\/wp\/v2\/posts"}],"about":[{"href":"https:\/\/www.diarioimagen.net\/index.php?rest_route=\/wp\/v2\/types\/post"}],"author":[{"embeddable":true,"href":"https:\/\/www.diarioimagen.net\/index.php?rest_route=\/wp\/v2\/users\/3"}],"replies":[{"embeddable":true,"href":"https:\/\/www.diarioimagen.net\/index.php?rest_route=%2Fwp%2Fv2%2Fcomments&post=285141"}],"version-history":[{"count":0,"href":"https:\/\/www.diarioimagen.net\/index.php?rest_route=\/wp\/v2\/posts\/285141\/revisions"}],"wp:featuredmedia":[{"embeddable":true,"href":"https:\/\/www.diarioimagen.net\/index.php?rest_route=\/wp\/v2\/media\/285253"}],"wp:attachment":[{"href":"https:\/\/www.diarioimagen.net\/index.php?rest_route=%2Fwp%2Fv2%2Fmedia&parent=285141"}],"wp:term":[{"taxonomy":"category","embeddable":true,"href":"https:\/\/www.diarioimagen.net\/index.php?rest_route=%2Fwp%2Fv2%2Fcategories&post=285141"},{"taxonomy":"post_tag","embeddable":true,"href":"https:\/\/www.diarioimagen.net\/index.php?rest_route=%2Fwp%2Fv2%2Ftags&post=285141"}],"curies":[{"name":"wp","href":"https:\/\/api.w.org\/{rel}","templated":true}]}}