{"id":285314,"date":"2016-08-23T00:08:10","date_gmt":"2016-08-23T05:08:10","guid":{"rendered":"http:\/\/www.diarioimagen.net\/?p=285314"},"modified":"2016-08-23T04:31:42","modified_gmt":"2016-08-23T09:31:42","slug":"noche-de-museos-celebra-el-dia-internacional-de-los-pueblos-indigenas","status":"publish","type":"post","link":"https:\/\/www.diarioimagen.net\/?p=285314","title":{"rendered":"\u201cNoche de Museos\u201d celebra D\u00eda Internacional de los Pueblos Ind\u00edgenas"},"content":{"rendered":"<ul>\n<li><em><strong>Ofrecen el taller infantil<\/strong><\/em><\/li>\n<\/ul>\n<p>&nbsp;<\/p>\n<div id=\"attachment_285315\" style=\"width: 430px\" class=\"wp-caption aligncenter\"><a href=\"http:\/\/www.diarioimagen.net\/?attachment_id=285315\" rel=\"attachment wp-att-285315\"><img loading=\"lazy\" decoding=\"async\" aria-describedby=\"caption-attachment-285315\" class=\"size-large wp-image-285315\" src=\"http:\/\/www.diarioimagen.net\/wp-content\/uploads\/2016\/08\/MUSEO23-portal-420x245.jpg\" alt=\"El Museo de Antropolog\u00eda e Historia ofreci\u00f3 el Taller Infantil \u201cCrea tu propia Exposici\u00f3n en el Museo\u201d.\" width=\"420\" height=\"245\" srcset=\"https:\/\/www.diarioimagen.net\/wp-content\/uploads\/2016\/08\/MUSEO23-portal-420x245.jpg 420w, https:\/\/www.diarioimagen.net\/wp-content\/uploads\/2016\/08\/MUSEO23-portal-240x140.jpg 240w, https:\/\/www.diarioimagen.net\/wp-content\/uploads\/2016\/08\/MUSEO23-portal.jpg 480w\" sizes=\"auto, (max-width: 420px) 100vw, 420px\" \/><\/a><p id=\"caption-attachment-285315\" class=\"wp-caption-text\">El Museo de Antropolog\u00eda e Historia ofreci\u00f3 el Taller Infantil \u201cCrea tu propia Exposici\u00f3n en el Museo\u201d.<\/p><\/div>\n<p>&nbsp;<\/p>\n<p><strong>Toluca, Estado de M\u00e9xico<\/strong>.- Dentro del programa \u201cNoche de Museos\u201d, en este mes se celebr\u00f3 el D\u00eda Internacional de los Pueblos Ind\u00edgenas. Por lo que el Museo de Antropolog\u00eda e Historia ofreci\u00f3 el Taller Infantil \u201cCrea tu propia Exposici\u00f3n en el Museo\u201d, donde los peque\u00f1os realizaron un cuadro para expresar su sentimiento al arte de pintar. Tambi\u00e9n se realiz\u00f3 la exposici\u00f3n temporal \u201cTelar de cintura otom\u00ed\u201d impartido por Reyna Ray\u00f3n; esta exposici\u00f3n puede ser apreciada en los pasillos de este recinto.<\/p>\n<p>Mientras que, en la Biblioteca P\u00fablica Central se realiz\u00f3 el \u201cTaller de servilleta n\u00e1huatl\u201d a cargo de la artesana Josefina G\u00f3mez. En la Sala Infantil de Lectura, se present\u00f3 el libro \u201cCuando Dios cre\u00f3 la Tierra\u201d de la autora Natalia Melo Alvarado; este libro est\u00e1 basado en mitos ind\u00edgenas mexicanos y recrea diferentes conceptos relacionados con la creaci\u00f3n de la tierra. En tanto que, en el Museo de Arte Moderno se proyect\u00f3 el corto-documental \u201cBasybuky. El guerrero Yshyr\u201d, dirigido por M\u00f3nica Ismael y el recital de guitarra que estuvo a cargo de \u00c1lvaro Tijerina, quien interpret\u00f3 melod\u00edas contempor\u00e1neos y cl\u00e1sicas.<\/p>\n<p>Adem\u00e1s el Archivo Hist\u00f3rico del Estado de M\u00e9xico imparti\u00f3 los talleres de elaboraci\u00f3n de canastas, lapiceras y m\u00e1scaras para continuar con una obra teatral en la que el p\u00fablico pudo participar activamente. Por su parte en el Museo de Culturas Populares particip\u00f3 el grupo de danza azteca Axolotl a cargo de Javier Randi Torres y la danza Lachimare de San Crist\u00f3bal Huichochitl\u00e1n. Para conocer m\u00e1s sobre este y otros eventos, consulta la p\u00e1gina oficial: www.cultura.edomex.gob.mx.com o en Facebook: Cultura Estado de M\u00e9xico, y Twitter: @CulturaEdomex,<\/p>\n","protected":false},"excerpt":{"rendered":"<p>Dentro del programa \u201cNoche de Museos\u201d, en este mes se celebr\u00f3 el D\u00eda Internacional de los Pueblos Ind\u00edgenas. Por lo que el Museo de Antropolog\u00eda e Historia ofreci\u00f3 el Taller Infantil \u201cCrea tu propia Exposici\u00f3n en el Museo\u201d, donde los peque\u00f1os realizaron un cuadro para expresar su sentimiento al arte de pintar. Tambi\u00e9n se realiz\u00f3 la exposici\u00f3n temporal \u201cTelar de cintura otom\u00ed\u201d impartido por Reyna Ray\u00f3n; esta exposici\u00f3n puede ser apreciada en los pasillos de este recinto.<\/p>\n","protected":false},"author":5,"featured_media":285315,"comment_status":"open","ping_status":"open","sticky":false,"template":"","format":"standard","meta":{"_monsterinsights_skip_tracking":false,"_monsterinsights_sitenote_active":false,"_monsterinsights_sitenote_note":"","_monsterinsights_sitenote_category":0,"footnotes":""},"categories":[5],"tags":[3834],"class_list":["post-285314","post","type-post","status-publish","format-standard","has-post-thumbnail","hentry","category-estado-de-mexico","tag-pueblos-indigenas"],"_links":{"self":[{"href":"https:\/\/www.diarioimagen.net\/index.php?rest_route=\/wp\/v2\/posts\/285314","targetHints":{"allow":["GET"]}}],"collection":[{"href":"https:\/\/www.diarioimagen.net\/index.php?rest_route=\/wp\/v2\/posts"}],"about":[{"href":"https:\/\/www.diarioimagen.net\/index.php?rest_route=\/wp\/v2\/types\/post"}],"author":[{"embeddable":true,"href":"https:\/\/www.diarioimagen.net\/index.php?rest_route=\/wp\/v2\/users\/5"}],"replies":[{"embeddable":true,"href":"https:\/\/www.diarioimagen.net\/index.php?rest_route=%2Fwp%2Fv2%2Fcomments&post=285314"}],"version-history":[{"count":0,"href":"https:\/\/www.diarioimagen.net\/index.php?rest_route=\/wp\/v2\/posts\/285314\/revisions"}],"wp:featuredmedia":[{"embeddable":true,"href":"https:\/\/www.diarioimagen.net\/index.php?rest_route=\/wp\/v2\/media\/285315"}],"wp:attachment":[{"href":"https:\/\/www.diarioimagen.net\/index.php?rest_route=%2Fwp%2Fv2%2Fmedia&parent=285314"}],"wp:term":[{"taxonomy":"category","embeddable":true,"href":"https:\/\/www.diarioimagen.net\/index.php?rest_route=%2Fwp%2Fv2%2Fcategories&post=285314"},{"taxonomy":"post_tag","embeddable":true,"href":"https:\/\/www.diarioimagen.net\/index.php?rest_route=%2Fwp%2Fv2%2Ftags&post=285314"}],"curies":[{"name":"wp","href":"https:\/\/api.w.org\/{rel}","templated":true}]}}