{"id":285353,"date":"2016-08-23T00:09:55","date_gmt":"2016-08-23T05:09:55","guid":{"rendered":"http:\/\/www.diarioimagen.net\/?p=285353"},"modified":"2016-08-23T04:31:36","modified_gmt":"2016-08-23T09:31:36","slug":"educacion-una-palanca-del-desarrollo","status":"publish","type":"post","link":"https:\/\/www.diarioimagen.net\/?p=285353","title":{"rendered":"Educaci\u00f3n, una palanca del desarrollo"},"content":{"rendered":"<h2>Arco Norte<\/h2>\n<h5>Jos\u00e9 Luis Monta\u00f1ez Aguilar<\/h5>\n<p>&nbsp;<\/p>\n<p><a href=\"http:\/\/www.diarioimagen.net\/?attachment_id=285421\" rel=\"attachment wp-att-285421\"><img loading=\"lazy\" decoding=\"async\" class=\"aligncenter size-large wp-image-285421\" src=\"http:\/\/www.diarioimagen.net\/wp-content\/uploads\/2016\/08\/arco-2938-420x279.jpg\" alt=\"arco-2938\" width=\"420\" height=\"279\" srcset=\"https:\/\/www.diarioimagen.net\/wp-content\/uploads\/2016\/08\/arco-2938-420x279.jpg 420w, https:\/\/www.diarioimagen.net\/wp-content\/uploads\/2016\/08\/arco-2938-240x159.jpg 240w, https:\/\/www.diarioimagen.net\/wp-content\/uploads\/2016\/08\/arco-2938.jpg 700w\" sizes=\"auto, (max-width: 420px) 100vw, 420px\" \/><\/a><\/p>\n<p>&nbsp;<\/p>\n<p>Eruviel \u00c1vila dio a conocer que para este ciclo escolar, donde iniciaron clases 3.4 millones de alumnos de nivel b\u00e1sico en el Estado de M\u00e9xico, se entregar\u00e1n 200 mil becas en diversas modalidades, consolidando a la entidad como la que m\u00e1s invierte en educaci\u00f3n y que m\u00e1s becas otorga a sus estudiantes.<\/p>\n<p>El gobernador asegur\u00f3 que en la entidad se seguir\u00e1 impulsando la educaci\u00f3n, ya que es palanca de desarrollo y ayuda a transformar vidas, adem\u00e1s reconoci\u00f3 a los maestros estatales por su compromiso para seguir formando a los ni\u00f1os y j\u00f3venes mexiquenses.<\/p>\n<p>Por su parte, el presidente Enrique Pe\u00f1a dijo que los alumnos y profesores son parte de la transformaci\u00f3n que vive M\u00e9xico, gracias a la reforma educativa, la cual tiene tres objetivos: contar con maestros mejor preparados; que las escuelas cuenten con mejor infraestructura, y ofrecer contenidos educativos acordes a las exigencias del siglo XXI.<\/p>\n<p style=\"text-align: center;\"><strong>Multa por 38.3 mdp a concesionaria del Viaducto Elevado Bicentenario<\/strong><\/p>\n<p>El gobierno del Estado de M\u00e9xico determin\u00f3 sancionar a la concesionaria del Viaducto Elevado Bicentenario, por 38.3 millones de pesos, derivado de los hallazgos reportados en la auditor\u00eda realizada por Pricewaterhouse Cooper\u2019s. El Sistema de Autopistas, Aeropuertos, Servicios Auxiliares y Conexos del Estado de Mexico (SAASCAEM), inform\u00f3 que tras la revisi\u00f3n exhaustiva a la notificaci\u00f3n de los hallazgos sustentados, se defini\u00f3 el monto de las multas aplicables. El SAASCAEM dio inicio al procedimiento administrativo correspondiente, mediante el cual se notifica la sanci\u00f3n definida.<\/p>\n<p style=\"text-align: center;\"><strong>Construyen en Edomex parque\u00a0con r\u00e9plicas de grandes monumentos<\/strong><\/p>\n<p>Conocer la Torre Eiffel, la Estatua de la Libertad, la \u00d3pera House de Sidney, el Cristo del Corcovado, la Muralla China y las Pir\u00e1mides de Teotihuac\u00e1n en un solo d\u00eda, ser\u00e1 una realidad en el Estado de M\u00e9xico, a trav\u00e9s del parque tem\u00e1tico que el gobierno mexiquense edifica en Tlalnepantla, donde los visitantes podr\u00e1n admirar, a escala, 38 monumentos emblem\u00e1ticos de todo el mundo. Adem\u00e1s, los visitantes podr\u00e1n conocer los nuevos sistemas de transporte masivo que disfrutar\u00e1n los mexiquenses, como: el Mexicable, de Ecatepec, y el Tren Interurbano M\u00e9xico-Toluca.<\/p>\n<p>Con una inversi\u00f3n de 164 millones de pesos, la Secretar\u00eda de Infraestructura construye este espacio, que tendr\u00e1 una extensi\u00f3n de 38 mil 343 metros cuadrados y se convertir\u00e1 en sede de la memoria, la cultura y la belleza arquitect\u00f3nica del mundo.<\/p>\n<p><em><a href=\"mailto:montanezaguilar@gmail.com\" target=\"_blank\">montanezaguilar@gmail.com<\/a><\/em><\/p>\n","protected":false},"excerpt":{"rendered":"<p><span style=\"color: #005497;\">Jos\u00e9 Luis Monta\u00f1ez Aguilar<\/span><br \/>\n<br \/>\nEruviel \u00c1vila dio a conocer que para este ciclo escolar, donde iniciaron clases 3.4 millones de alumnos de nivel b\u00e1sico en el Estado de M\u00e9xico, se entregar\u00e1n 200 mil becas en diversas modalidades, consolidando a la entidad como la que m\u00e1s invierte en educaci\u00f3n y que m\u00e1s becas otorga a sus estudiantes.<\/p>\n","protected":false},"author":3,"featured_media":285421,"comment_status":"open","ping_status":"open","sticky":false,"template":"","format":"standard","meta":{"_monsterinsights_skip_tracking":false,"_monsterinsights_sitenote_active":false,"_monsterinsights_sitenote_note":"","_monsterinsights_sitenote_category":0,"footnotes":""},"categories":[5],"tags":[13284,43704,43674],"class_list":["post-285353","post","type-post","status-publish","format-standard","has-post-thumbnail","hentry","category-estado-de-mexico","tag-arco-norte","tag-jose-luis-montanez-aguilar","tag-opinion"],"_links":{"self":[{"href":"https:\/\/www.diarioimagen.net\/index.php?rest_route=\/wp\/v2\/posts\/285353","targetHints":{"allow":["GET"]}}],"collection":[{"href":"https:\/\/www.diarioimagen.net\/index.php?rest_route=\/wp\/v2\/posts"}],"about":[{"href":"https:\/\/www.diarioimagen.net\/index.php?rest_route=\/wp\/v2\/types\/post"}],"author":[{"embeddable":true,"href":"https:\/\/www.diarioimagen.net\/index.php?rest_route=\/wp\/v2\/users\/3"}],"replies":[{"embeddable":true,"href":"https:\/\/www.diarioimagen.net\/index.php?rest_route=%2Fwp%2Fv2%2Fcomments&post=285353"}],"version-history":[{"count":0,"href":"https:\/\/www.diarioimagen.net\/index.php?rest_route=\/wp\/v2\/posts\/285353\/revisions"}],"wp:featuredmedia":[{"embeddable":true,"href":"https:\/\/www.diarioimagen.net\/index.php?rest_route=\/wp\/v2\/media\/285421"}],"wp:attachment":[{"href":"https:\/\/www.diarioimagen.net\/index.php?rest_route=%2Fwp%2Fv2%2Fmedia&parent=285353"}],"wp:term":[{"taxonomy":"category","embeddable":true,"href":"https:\/\/www.diarioimagen.net\/index.php?rest_route=%2Fwp%2Fv2%2Fcategories&post=285353"},{"taxonomy":"post_tag","embeddable":true,"href":"https:\/\/www.diarioimagen.net\/index.php?rest_route=%2Fwp%2Fv2%2Ftags&post=285353"}],"curies":[{"name":"wp","href":"https:\/\/api.w.org\/{rel}","templated":true}]}}