{"id":285360,"date":"2016-08-23T00:07:38","date_gmt":"2016-08-23T05:07:38","guid":{"rendered":"http:\/\/www.diarioimagen.net\/?p=285360"},"modified":"2016-08-23T04:12:35","modified_gmt":"2016-08-23T09:12:35","slug":"promueve-tultepec-bandas-sinfonicas-infantiles-y-juveniles","status":"publish","type":"post","link":"https:\/\/www.diarioimagen.net\/?p=285360","title":{"rendered":"Promueve Tultepec bandas sinf\u00f3nicas infantiles y juveniles"},"content":{"rendered":"<ul>\n<li><strong><em>Alejan a ni\u00f1os de conductas antisociales<\/em><\/strong><\/li>\n<\/ul>\n<p>&nbsp;<\/p>\n<div id=\"attachment_285427\" style=\"width: 430px\" class=\"wp-caption aligncenter\"><a href=\"http:\/\/www.diarioimagen.net\/?attachment_id=285427\" rel=\"attachment wp-att-285427\"><img loading=\"lazy\" decoding=\"async\" aria-describedby=\"caption-attachment-285427\" class=\"size-large wp-image-285427\" src=\"http:\/\/www.diarioimagen.net\/wp-content\/uploads\/2016\/08\/TULTEPEC-2938-420x236.jpg\" alt=\"Se conformaron cinco bandas sinf\u00f3nicas de aproximadamente 30 integrantes cada una, logrando resultados satisfactorios en pocos meses.\" width=\"420\" height=\"236\" srcset=\"https:\/\/www.diarioimagen.net\/wp-content\/uploads\/2016\/08\/TULTEPEC-2938-420x236.jpg 420w, https:\/\/www.diarioimagen.net\/wp-content\/uploads\/2016\/08\/TULTEPEC-2938-240x135.jpg 240w, https:\/\/www.diarioimagen.net\/wp-content\/uploads\/2016\/08\/TULTEPEC-2938-235x132.jpg 235w, https:\/\/www.diarioimagen.net\/wp-content\/uploads\/2016\/08\/TULTEPEC-2938-202x114.jpg 202w, https:\/\/www.diarioimagen.net\/wp-content\/uploads\/2016\/08\/TULTEPEC-2938-350x196.jpg 350w, https:\/\/www.diarioimagen.net\/wp-content\/uploads\/2016\/08\/TULTEPEC-2938-220x123.jpg 220w, https:\/\/www.diarioimagen.net\/wp-content\/uploads\/2016\/08\/TULTEPEC-2938-237x132.jpg 237w, https:\/\/www.diarioimagen.net\/wp-content\/uploads\/2016\/08\/TULTEPEC-2938.jpg 480w\" sizes=\"auto, (max-width: 420px) 100vw, 420px\" \/><\/a><p id=\"caption-attachment-285427\" class=\"wp-caption-text\">Se conformaron cinco bandas sinf\u00f3nicas de aproximadamente 30 integrantes cada una, logrando resultados satisfactorios en pocos meses.<\/p><\/div>\n<p>&nbsp;<\/p>\n<p><strong>Tultepec, Estado de M\u00e9xico<\/strong>.- En honor a la distinci\u00f3n del municipio como Cuna de Artistas, el gobierno que encabeza Armando Portuguez Fuentes da continuidad al proyecto para impulsar bandas sinf\u00f3nicas infantiles y juveniles, iniciado el mes de mayo de 2015, durante la pasada administraci\u00f3n.<\/p>\n<p>Las bandas sinf\u00f3nicas infantiles y juveniles surgieron con la idea de dar trascendencia a la cultura musical de Tultepec llev\u00e1ndola a las nuevas comunidades que hoy integran el municipio, es decir, que la cultura musical de los habitantes originales de la localidad, la transmitan a quienes recientemente se est\u00e1n integrando a esta municipalidad.<\/p>\n<p>As\u00ed lo inform\u00f3 Leobardo Z\u00fa\u00f1iga Cort\u00e9s, iniciador y director de una de estas orquestas sinf\u00f3nicas y uno de los principales promotores del proyecto, quien asever\u00f3 que otro de los objetivos es alejar a los ni\u00f1os y j\u00f3venes de conductas antisociales, promoviendo actividades art\u00edsticas en sus comunidades.<\/p>\n<p>Tomando como base estas premisas, se conformaron cinco bandas sinf\u00f3nicas integradas por alumnos de entre 9 y 17 a\u00f1os en las comunidades de Emiqu\u00eda, El Mirador, Real de Tultepec, fraccionamiento El Dorado y en la Unidad Habitacional CTM.<\/p>\n<p>Para lograr este cometido, la administraci\u00f3n pasada se dio a la tarea de comprar los instrumentos que ser\u00edan utilizados por cada una de las cinco sinf\u00f3nicas, tales como flautas, clarinetes, saxofones altos, saxofones tenores, cornos, trompetas, trombones, bar\u00edtonos, tubas, bombos, tarolas, platillos y bater\u00edas.<\/p>\n<p>&nbsp;<\/p>\n","protected":false},"excerpt":{"rendered":"<p>En honor a la distinci\u00f3n del municipio como Cuna de Artistas, el gobierno que encabeza Armando Portuguez Fuentes da continuidad al proyecto para impulsar bandas sinf\u00f3nicas infantiles y juveniles, iniciado el mes de mayo de 2015, durante la pasada administraci\u00f3n.<\/p>\n","protected":false},"author":3,"featured_media":285427,"comment_status":"open","ping_status":"open","sticky":false,"template":"","format":"standard","meta":{"_monsterinsights_skip_tracking":false,"_monsterinsights_sitenote_active":false,"_monsterinsights_sitenote_note":"","_monsterinsights_sitenote_category":0,"footnotes":""},"categories":[35155],"tags":[43675,46006,3802],"class_list":["post-285360","post","type-post","status-publish","format-standard","has-post-thumbnail","hentry","category-estado-de-mexico-estado-de-mexico","tag-estado-de-mexico","tag-infantiles","tag-tultepec"],"_links":{"self":[{"href":"https:\/\/www.diarioimagen.net\/index.php?rest_route=\/wp\/v2\/posts\/285360","targetHints":{"allow":["GET"]}}],"collection":[{"href":"https:\/\/www.diarioimagen.net\/index.php?rest_route=\/wp\/v2\/posts"}],"about":[{"href":"https:\/\/www.diarioimagen.net\/index.php?rest_route=\/wp\/v2\/types\/post"}],"author":[{"embeddable":true,"href":"https:\/\/www.diarioimagen.net\/index.php?rest_route=\/wp\/v2\/users\/3"}],"replies":[{"embeddable":true,"href":"https:\/\/www.diarioimagen.net\/index.php?rest_route=%2Fwp%2Fv2%2Fcomments&post=285360"}],"version-history":[{"count":0,"href":"https:\/\/www.diarioimagen.net\/index.php?rest_route=\/wp\/v2\/posts\/285360\/revisions"}],"wp:featuredmedia":[{"embeddable":true,"href":"https:\/\/www.diarioimagen.net\/index.php?rest_route=\/wp\/v2\/media\/285427"}],"wp:attachment":[{"href":"https:\/\/www.diarioimagen.net\/index.php?rest_route=%2Fwp%2Fv2%2Fmedia&parent=285360"}],"wp:term":[{"taxonomy":"category","embeddable":true,"href":"https:\/\/www.diarioimagen.net\/index.php?rest_route=%2Fwp%2Fv2%2Fcategories&post=285360"},{"taxonomy":"post_tag","embeddable":true,"href":"https:\/\/www.diarioimagen.net\/index.php?rest_route=%2Fwp%2Fv2%2Ftags&post=285360"}],"curies":[{"name":"wp","href":"https:\/\/api.w.org\/{rel}","templated":true}]}}