{"id":285362,"date":"2016-08-23T00:06:16","date_gmt":"2016-08-23T05:06:16","guid":{"rendered":"http:\/\/www.diarioimagen.net\/?p=285362"},"modified":"2016-08-23T04:14:19","modified_gmt":"2016-08-23T09:14:19","slug":"david-sanchez-isidoro-presenta-su-primer-informe-como-diputado","status":"publish","type":"post","link":"https:\/\/www.diarioimagen.net\/?p=285362","title":{"rendered":"David S\u00e1nchez Isidoro presenta su primer informe como diputado"},"content":{"rendered":"<ul>\n<li><strong><em>Seguir\u00e1 apoyando a la poblaci\u00f3n<\/em><\/strong><\/li>\n<\/ul>\n<p>&nbsp;<\/p>\n<div id=\"attachment_285432\" style=\"width: 430px\" class=\"wp-caption aligncenter\"><a href=\"http:\/\/www.diarioimagen.net\/?attachment_id=285432\" rel=\"attachment wp-att-285432\"><img loading=\"lazy\" decoding=\"async\" aria-describedby=\"caption-attachment-285432\" class=\"size-large wp-image-285432\" src=\"http:\/\/www.diarioimagen.net\/wp-content\/uploads\/2016\/08\/COACALCO-2938-420x236.jpg\" alt=\"El legislador pri\u00edsta, David S\u00e1nchez Isidoro, present\u00f3 su primer informe de labores.\" width=\"420\" height=\"236\" srcset=\"https:\/\/www.diarioimagen.net\/wp-content\/uploads\/2016\/08\/COACALCO-2938-420x236.jpg 420w, https:\/\/www.diarioimagen.net\/wp-content\/uploads\/2016\/08\/COACALCO-2938-240x135.jpg 240w, https:\/\/www.diarioimagen.net\/wp-content\/uploads\/2016\/08\/COACALCO-2938-480x270.jpg 480w, https:\/\/www.diarioimagen.net\/wp-content\/uploads\/2016\/08\/COACALCO-2938-235x132.jpg 235w, https:\/\/www.diarioimagen.net\/wp-content\/uploads\/2016\/08\/COACALCO-2938-202x114.jpg 202w, https:\/\/www.diarioimagen.net\/wp-content\/uploads\/2016\/08\/COACALCO-2938-350x196.jpg 350w, https:\/\/www.diarioimagen.net\/wp-content\/uploads\/2016\/08\/COACALCO-2938-220x123.jpg 220w, https:\/\/www.diarioimagen.net\/wp-content\/uploads\/2016\/08\/COACALCO-2938-237x132.jpg 237w, https:\/\/www.diarioimagen.net\/wp-content\/uploads\/2016\/08\/COACALCO-2938.jpg 700w\" sizes=\"auto, (max-width: 420px) 100vw, 420px\" \/><\/a><p id=\"caption-attachment-285432\" class=\"wp-caption-text\">El legislador pri\u00edsta, David S\u00e1nchez Isidoro, present\u00f3 su primer informe de labores.<\/p><\/div>\n<p>&nbsp;<\/p>\n<p><strong>Coacalco, Estado de M\u00e9xico<\/strong>.- El diputado federal, David S\u00e1nchez Isidoro, present\u00f3 su primer informe de labores, resaltando que seguir\u00e1 apoyando a la poblaci\u00f3n y gestionando obras para el distrito que representa.<\/p>\n<p>En medio de poblaci\u00f3n del distrito 6, que abarcan los municipios de Coacalco y Tultepec, el legislador dio de forma detallada algunos de los logros que como diputado ha logrado tener este a\u00f1o.<\/p>\n<p>Adem\u00e1s de sus actividades como legislador, ha apoyado a los habitantes en acercar programas sociales federales y ha respaldado festividades propias de los municipios.<\/p>\n<p>Comenta que es secretario de la Comisi\u00f3n de Gobernaci\u00f3n y forma parte de las Comisiones de Puntos Constitucionales y\u00a0 de Infraestructura.<\/p>\n<p>La caracter\u00edstica m\u00e1s trascendente del distrito 6, es sin duda su poblaci\u00f3n, gente trabajadora, progresista, donde, como ya lo ha se\u00f1alado el legislador S\u00e1nchez Isidoro es un orgullo representarla en el Congreso federal.<\/p>\n<p>&nbsp;<\/p>\n","protected":false},"excerpt":{"rendered":"<p>El diputado federal, David S\u00e1nchez Isidoro, present\u00f3 su primer informe de labores, resaltando que seguir\u00e1 apoyando a la poblaci\u00f3n y gestionando obras para el distrito que representa.<\/p>\n","protected":false},"author":3,"featured_media":285432,"comment_status":"open","ping_status":"open","sticky":false,"template":"","format":"standard","meta":{"_monsterinsights_skip_tracking":false,"_monsterinsights_sitenote_active":false,"_monsterinsights_sitenote_note":"","_monsterinsights_sitenote_category":0,"footnotes":""},"categories":[35155],"tags":[579,26134,43675],"class_list":["post-285362","post","type-post","status-publish","format-standard","has-post-thumbnail","hentry","category-estado-de-mexico-estado-de-mexico","tag-coacalco","tag-david-sanchez-isidoro","tag-estado-de-mexico"],"_links":{"self":[{"href":"https:\/\/www.diarioimagen.net\/index.php?rest_route=\/wp\/v2\/posts\/285362","targetHints":{"allow":["GET"]}}],"collection":[{"href":"https:\/\/www.diarioimagen.net\/index.php?rest_route=\/wp\/v2\/posts"}],"about":[{"href":"https:\/\/www.diarioimagen.net\/index.php?rest_route=\/wp\/v2\/types\/post"}],"author":[{"embeddable":true,"href":"https:\/\/www.diarioimagen.net\/index.php?rest_route=\/wp\/v2\/users\/3"}],"replies":[{"embeddable":true,"href":"https:\/\/www.diarioimagen.net\/index.php?rest_route=%2Fwp%2Fv2%2Fcomments&post=285362"}],"version-history":[{"count":0,"href":"https:\/\/www.diarioimagen.net\/index.php?rest_route=\/wp\/v2\/posts\/285362\/revisions"}],"wp:featuredmedia":[{"embeddable":true,"href":"https:\/\/www.diarioimagen.net\/index.php?rest_route=\/wp\/v2\/media\/285432"}],"wp:attachment":[{"href":"https:\/\/www.diarioimagen.net\/index.php?rest_route=%2Fwp%2Fv2%2Fmedia&parent=285362"}],"wp:term":[{"taxonomy":"category","embeddable":true,"href":"https:\/\/www.diarioimagen.net\/index.php?rest_route=%2Fwp%2Fv2%2Fcategories&post=285362"},{"taxonomy":"post_tag","embeddable":true,"href":"https:\/\/www.diarioimagen.net\/index.php?rest_route=%2Fwp%2Fv2%2Ftags&post=285362"}],"curies":[{"name":"wp","href":"https:\/\/api.w.org\/{rel}","templated":true}]}}