{"id":285366,"date":"2016-08-23T00:04:46","date_gmt":"2016-08-23T05:04:46","guid":{"rendered":"http:\/\/www.diarioimagen.net\/?p=285366"},"modified":"2016-08-23T04:17:37","modified_gmt":"2016-08-23T09:17:37","slug":"el-alcalde-victor-estrada-agasaja-a-los-tragahumo","status":"publish","type":"post","link":"https:\/\/www.diarioimagen.net\/?p=285366","title":{"rendered":"El alcalde V\u00edctor Estrada agasaja a los tragahumo"},"content":{"rendered":"<div id=\"attachment_285440\" style=\"width: 430px\" class=\"wp-caption aligncenter\"><a href=\"http:\/\/www.diarioimagen.net\/?attachment_id=285440\" rel=\"attachment wp-att-285440\"><img loading=\"lazy\" decoding=\"async\" aria-describedby=\"caption-attachment-285440\" class=\"size-large wp-image-285440\" src=\"http:\/\/www.diarioimagen.net\/wp-content\/uploads\/2016\/08\/CUAUTITLAN-2938-420x236.jpg\" alt=\"El legislador pri\u00edsta, David S\u00e1nchez Isidoro, present\u00f3 su primer informe de labores.\" width=\"420\" height=\"236\" srcset=\"https:\/\/www.diarioimagen.net\/wp-content\/uploads\/2016\/08\/CUAUTITLAN-2938-420x236.jpg 420w, https:\/\/www.diarioimagen.net\/wp-content\/uploads\/2016\/08\/CUAUTITLAN-2938-240x135.jpg 240w, https:\/\/www.diarioimagen.net\/wp-content\/uploads\/2016\/08\/CUAUTITLAN-2938-235x132.jpg 235w, https:\/\/www.diarioimagen.net\/wp-content\/uploads\/2016\/08\/CUAUTITLAN-2938-202x114.jpg 202w, https:\/\/www.diarioimagen.net\/wp-content\/uploads\/2016\/08\/CUAUTITLAN-2938-350x196.jpg 350w, https:\/\/www.diarioimagen.net\/wp-content\/uploads\/2016\/08\/CUAUTITLAN-2938-220x123.jpg 220w, https:\/\/www.diarioimagen.net\/wp-content\/uploads\/2016\/08\/CUAUTITLAN-2938-237x132.jpg 237w, https:\/\/www.diarioimagen.net\/wp-content\/uploads\/2016\/08\/CUAUTITLAN-2938.jpg 480w\" sizes=\"auto, (max-width: 420px) 100vw, 420px\" \/><\/a><p id=\"caption-attachment-285440\" class=\"wp-caption-text\">El legislador pri\u00edsta, David S\u00e1nchez Isidoro, present\u00f3 su primer informe de labores.<\/p><\/div>\n<p>&nbsp;<\/p>\n<p><strong>Cuautitl\u00e1n, Estado de M\u00e9xico.-<\/strong> En el marco del D\u00eda del Bombero, el presidente municipal, V\u00edctor Estrada Garibay, ofreci\u00f3 un desayuno en el sal\u00f3n Candiles al personal de la Direcci\u00f3n General de Protecci\u00f3n Civil y Bomberos, reconociendo la valiosa labor que los tragahumo y param\u00e9dicos realizan en bien de la sociedad.<\/p>\n<p>&nbsp;<\/p>\n","protected":false},"excerpt":{"rendered":"<p> En el marco del D\u00eda del Bombero, el presidente municipal, V\u00edctor Estrada Garibay, ofreci\u00f3 un desayuno en el sal\u00f3n Candiles al personal de la Direcci\u00f3n General de Protecci\u00f3n Civil y Bomberos, reconociendo la valiosa labor que los tragahumo y param\u00e9dicos realizan en bien de la sociedad.<\/p>\n","protected":false},"author":3,"featured_media":285440,"comment_status":"open","ping_status":"open","sticky":false,"template":"","format":"standard","meta":{"_monsterinsights_skip_tracking":false,"_monsterinsights_sitenote_active":false,"_monsterinsights_sitenote_note":"","_monsterinsights_sitenote_category":0,"footnotes":""},"categories":[35155],"tags":[681,43675],"class_list":["post-285366","post","type-post","status-publish","format-standard","has-post-thumbnail","hentry","category-estado-de-mexico-estado-de-mexico","tag-cuautitlan","tag-estado-de-mexico"],"_links":{"self":[{"href":"https:\/\/www.diarioimagen.net\/index.php?rest_route=\/wp\/v2\/posts\/285366","targetHints":{"allow":["GET"]}}],"collection":[{"href":"https:\/\/www.diarioimagen.net\/index.php?rest_route=\/wp\/v2\/posts"}],"about":[{"href":"https:\/\/www.diarioimagen.net\/index.php?rest_route=\/wp\/v2\/types\/post"}],"author":[{"embeddable":true,"href":"https:\/\/www.diarioimagen.net\/index.php?rest_route=\/wp\/v2\/users\/3"}],"replies":[{"embeddable":true,"href":"https:\/\/www.diarioimagen.net\/index.php?rest_route=%2Fwp%2Fv2%2Fcomments&post=285366"}],"version-history":[{"count":0,"href":"https:\/\/www.diarioimagen.net\/index.php?rest_route=\/wp\/v2\/posts\/285366\/revisions"}],"wp:featuredmedia":[{"embeddable":true,"href":"https:\/\/www.diarioimagen.net\/index.php?rest_route=\/wp\/v2\/media\/285440"}],"wp:attachment":[{"href":"https:\/\/www.diarioimagen.net\/index.php?rest_route=%2Fwp%2Fv2%2Fmedia&parent=285366"}],"wp:term":[{"taxonomy":"category","embeddable":true,"href":"https:\/\/www.diarioimagen.net\/index.php?rest_route=%2Fwp%2Fv2%2Fcategories&post=285366"},{"taxonomy":"post_tag","embeddable":true,"href":"https:\/\/www.diarioimagen.net\/index.php?rest_route=%2Fwp%2Fv2%2Ftags&post=285366"}],"curies":[{"name":"wp","href":"https:\/\/api.w.org\/{rel}","templated":true}]}}