{"id":285375,"date":"2016-08-23T00:08:11","date_gmt":"2016-08-23T05:08:11","guid":{"rendered":"http:\/\/www.diarioimagen.net\/?p=285375"},"modified":"2016-08-23T23:35:44","modified_gmt":"2016-08-24T04:35:44","slug":"un-reto-justicia-acorde-a-la-actualidad-elias-azar","status":"publish","type":"post","link":"https:\/\/www.diarioimagen.net\/?p=285375","title":{"rendered":"Un reto, justicia acorde a la actualidad: El\u00edas Azar"},"content":{"rendered":"<ul>\n<li><em><strong>Oralidad garantiza derechos y libertades<\/strong><\/em><\/li>\n<\/ul>\n<h6>Jos\u00e9 Luis Monta\u00f1ez<\/h6>\n<p>&nbsp;<\/p>\n<div id=\"attachment_285470\" style=\"width: 430px\" class=\"wp-caption aligncenter\"><a href=\"http:\/\/www.diarioimagen.net\/?attachment_id=285470\" rel=\"attachment wp-att-285470\"><img loading=\"lazy\" decoding=\"async\" aria-describedby=\"caption-attachment-285470\" class=\"size-large wp-image-285470\" src=\"http:\/\/www.diarioimagen.net\/wp-content\/uploads\/2016\/08\/2938-tribunal-420x236.jpg\" alt=\"El presidente del TSJCDMX, Edgar El\u00edas Azar, dio la bienvenida a una delegaci\u00f3n de integrantes del Poder Judicial de Per\u00fa, que se encuentran de visita en la capital del pa\u00eds.\" width=\"420\" height=\"236\" srcset=\"https:\/\/www.diarioimagen.net\/wp-content\/uploads\/2016\/08\/2938-tribunal-420x236.jpg 420w, https:\/\/www.diarioimagen.net\/wp-content\/uploads\/2016\/08\/2938-tribunal-240x135.jpg 240w, https:\/\/www.diarioimagen.net\/wp-content\/uploads\/2016\/08\/2938-tribunal-480x270.jpg 480w, https:\/\/www.diarioimagen.net\/wp-content\/uploads\/2016\/08\/2938-tribunal-235x132.jpg 235w, https:\/\/www.diarioimagen.net\/wp-content\/uploads\/2016\/08\/2938-tribunal-202x114.jpg 202w, https:\/\/www.diarioimagen.net\/wp-content\/uploads\/2016\/08\/2938-tribunal-350x196.jpg 350w, https:\/\/www.diarioimagen.net\/wp-content\/uploads\/2016\/08\/2938-tribunal-220x123.jpg 220w, https:\/\/www.diarioimagen.net\/wp-content\/uploads\/2016\/08\/2938-tribunal-237x132.jpg 237w, https:\/\/www.diarioimagen.net\/wp-content\/uploads\/2016\/08\/2938-tribunal.jpg 700w\" sizes=\"auto, (max-width: 420px) 100vw, 420px\" \/><\/a><p id=\"caption-attachment-285470\" class=\"wp-caption-text\">El presidente del TSJCDMX, Edgar El\u00edas Azar, dio la bienvenida a una delegaci\u00f3n de integrantes del Poder Judicial de Per\u00fa, que se encuentran de visita en la capital del pa\u00eds.<\/p><\/div>\n<p>&nbsp;<\/p>\n<p>Ante integrantes del Poder Judicial de Per\u00fa, el presidente del Tribunal Superior de Justicia de la Ciudad de M\u00e9xico (TSJCDMX), magistrado Edgar El\u00edas Azar, afirm\u00f3 que aqu\u00ed se vive una revoluci\u00f3n pac\u00edfica, en la que la oralidad es un medio para garantizar derechos y libertades de las personas y agilizar los procesos jurisdiccionales, lo cual es un desaf\u00edo por lo limitado de los recursos econ\u00f3micos.<\/p>\n<p>En el edificio de Salas Penales del TSJCDMX, el magistrado abund\u00f3 que se trata de un momento de transformaci\u00f3n estrat\u00e9gica en el \u00f3rgano judicial capitalino, en el que se han tenido que generar acciones para encarar el reto de contar con una impartici\u00f3n de justicia acorde a la actualidad de la capital del pa\u00eds.<\/p>\n<p>Se refiri\u00f3 a la nueva realidad latinoamericana, como la comisi\u00f3n de delitos cometidos por adolescentes a edades m\u00e1s tempranas, la migraci\u00f3n, las distintas formas de familia que se han generado, la trata, el feminicidio, la din\u00e1mica de los tipos penales, el nuevo sistema de justicia penal y la diversificaci\u00f3n de los contratos civiles y mercantiles, entre otros.<\/p>\n<p>A\u00f1adi\u00f3 que la implementaci\u00f3n de la oralidad judicial en todas las materias obliga a consolidar di\u00e1logos y alianzas estrat\u00e9gicas, as\u00ed como acciones creativas que faciliten alcanzar el objetivo de generar los cambios necesarios para las sociedades democr\u00e1ticas.<\/p>\n<p>El\u00edas Azar enfatiz\u00f3 que mexicanos y peruanos saben que no se puede dar un solo paso atr\u00e1s en la aplicaci\u00f3n de los derechos humanos; ni permanecer est\u00e1ticos, agreg\u00f3, ante los cambios que demanda la realidad latinoamericana.<\/p>\n<p>A nombre de la delegaci\u00f3n peruana que participa en el Intercambio de Experiencias de los Poderes Judiciales M\u00e9xico-Per\u00fa, el presidente de la Corte Superior de Justicia de Arequipa, juez Johnny C\u00e1ceres Valencia, subray\u00f3 la importancia del intercambio de experiencias, y record\u00f3 que en su pa\u00eds se implement\u00f3 una reforma penal desde 2006.<\/p>\n<p>Reconoci\u00f3 que la incidencia delictiva en la regi\u00f3n latinoamericana guarda cierta igualdad,\u00a0 y consider\u00f3 err\u00f3neo que se mire a los operadores del sistema de impartici\u00f3n de justicia como los culpables de la criminalidad, cuando deben atenderse \u00e1reas como la prevenci\u00f3n.<\/p>\n<p>Coment\u00f3 que su pa\u00eds est\u00e1 dividido en 33 distritos judiciales, y abund\u00f3 en que la delegaci\u00f3n peruana la componen representantes de todas las instancias del Poder Judicial de la naci\u00f3n sudamericana.<\/p>\n<p>Durante cuatro d\u00edas, los visitantes habr\u00e1n de conocer c\u00f3mo opera la Unidad de Supervisi\u00f3n de Medidas Cautelares y Suspensi\u00f3n Condicional del Proceso, tambi\u00e9n presenciar\u00e1n audiencias, visitar\u00e1n el Centro de Justicia Alternativa, el Archivo Judicial y sostendr\u00e1n diversos di\u00e1logos con jueces y magistrados.<\/p>\n<p>&nbsp;<\/p>\n","protected":false},"excerpt":{"rendered":"<p><span style=\"color: #005497;\">Jos\u00e9 Luis Monta\u00f1ez<\/span><br \/>\n<br \/>\nAnte integrantes del Poder Judicial de Per\u00fa, el presidente del Tribunal Superior de Justicia de la Ciudad de M\u00e9xico (TSJCDMX), magistrado Edgar El\u00edas Azar, afirm\u00f3 que aqu\u00ed se vive una revoluci\u00f3n pac\u00edfica, en la que la oralidad es un medio para garantizar derechos y libertades de las personas y agilizar los procesos jurisdiccionales, lo cual es un desaf\u00edo por lo limitado de los recursos econ\u00f3micos.<\/p>\n","protected":false},"author":3,"featured_media":285470,"comment_status":"open","ping_status":"open","sticky":false,"template":"","format":"standard","meta":{"_monsterinsights_skip_tracking":false,"_monsterinsights_sitenote_active":false,"_monsterinsights_sitenote_note":"","_monsterinsights_sitenote_category":0,"footnotes":""},"categories":[6],"tags":[1925,4696,47929,49194],"class_list":["post-285375","post","type-post","status-publish","format-standard","has-post-thumbnail","hentry","category-cd-de-mexico","tag-edgar-elias-azar","tag-justicia","tag-reto","tag-tribunal-superior-de-justicia-de-la-ciudad-de-mexico"],"_links":{"self":[{"href":"https:\/\/www.diarioimagen.net\/index.php?rest_route=\/wp\/v2\/posts\/285375","targetHints":{"allow":["GET"]}}],"collection":[{"href":"https:\/\/www.diarioimagen.net\/index.php?rest_route=\/wp\/v2\/posts"}],"about":[{"href":"https:\/\/www.diarioimagen.net\/index.php?rest_route=\/wp\/v2\/types\/post"}],"author":[{"embeddable":true,"href":"https:\/\/www.diarioimagen.net\/index.php?rest_route=\/wp\/v2\/users\/3"}],"replies":[{"embeddable":true,"href":"https:\/\/www.diarioimagen.net\/index.php?rest_route=%2Fwp%2Fv2%2Fcomments&post=285375"}],"version-history":[{"count":0,"href":"https:\/\/www.diarioimagen.net\/index.php?rest_route=\/wp\/v2\/posts\/285375\/revisions"}],"wp:featuredmedia":[{"embeddable":true,"href":"https:\/\/www.diarioimagen.net\/index.php?rest_route=\/wp\/v2\/media\/285470"}],"wp:attachment":[{"href":"https:\/\/www.diarioimagen.net\/index.php?rest_route=%2Fwp%2Fv2%2Fmedia&parent=285375"}],"wp:term":[{"taxonomy":"category","embeddable":true,"href":"https:\/\/www.diarioimagen.net\/index.php?rest_route=%2Fwp%2Fv2%2Fcategories&post=285375"},{"taxonomy":"post_tag","embeddable":true,"href":"https:\/\/www.diarioimagen.net\/index.php?rest_route=%2Fwp%2Fv2%2Ftags&post=285375"}],"curies":[{"name":"wp","href":"https:\/\/api.w.org\/{rel}","templated":true}]}}