{"id":285522,"date":"2016-08-23T13:35:05","date_gmt":"2016-08-23T18:35:05","guid":{"rendered":"http:\/\/www.diarioimagen.net\/?p=285522"},"modified":"2016-08-25T05:55:39","modified_gmt":"2016-08-25T10:55:39","slug":"rehabilitan-camino-de-acceso-y-refuerzan-seguridad-en-el-parque-estatal-monte-alto-en-valle-de-bravo","status":"publish","type":"post","link":"https:\/\/www.diarioimagen.net\/?p=285522","title":{"rendered":"Rehabilitan camino de acceso y refuerzan seguridad en el Parque Estatal Monte Alto en Valle de Bravo"},"content":{"rendered":"<ul>\n<li><em><strong>Tendr\u00e1 c\u00e1maras de videovigilancia<\/strong><\/em><\/li>\n<\/ul>\n<p>&nbsp;<\/p>\n<div id=\"attachment_285523\" style=\"width: 430px\" class=\"wp-caption aligncenter\"><a href=\"http:\/\/www.diarioimagen.net\/?attachment_id=285523\" rel=\"attachment wp-att-285523\"><img loading=\"lazy\" decoding=\"async\" aria-describedby=\"caption-attachment-285523\" class=\"size-large wp-image-285523\" src=\"http:\/\/www.diarioimagen.net\/wp-content\/uploads\/2016\/08\/VALLE24-PORTAL-420x245.jpg\" alt=\"El Parque Estatal Monte Alto contar\u00e1 las 24 horas con seguridad y c\u00e1maras de videovigilancia.\" width=\"420\" height=\"245\" srcset=\"https:\/\/www.diarioimagen.net\/wp-content\/uploads\/2016\/08\/VALLE24-PORTAL-420x245.jpg 420w, https:\/\/www.diarioimagen.net\/wp-content\/uploads\/2016\/08\/VALLE24-PORTAL-240x140.jpg 240w, https:\/\/www.diarioimagen.net\/wp-content\/uploads\/2016\/08\/VALLE24-PORTAL.jpg 480w\" sizes=\"auto, (max-width: 420px) 100vw, 420px\" \/><\/a><p id=\"caption-attachment-285523\" class=\"wp-caption-text\">El Parque Estatal Monte Alto contar\u00e1 las 24 horas con seguridad y c\u00e1maras de videovigilancia.<\/p><\/div>\n<p>&nbsp;<\/p>\n<p>Valle de Bravo, Mex.- En el marco del 25 aniversario del Parque Estatal Monte Alto, ubicado en el municipio de Valle de Bravo, se entreg\u00f3 la rehabilitaci\u00f3n del camino de acceso al campamento del parque, adem\u00e1s de que ahora este espacio contar\u00e1 las 24 horas con elementos de vigilancia y c\u00e1maras de videovigilancia por parte de la Comisi\u00f3n Estatal de Seguridad Ciudadana de la entidad, para brindar seguridad a las personas que visitan este parque, evitar la tala clandestina y la propagaci\u00f3n de incendios forestales.<\/p>\n<p>Acompa\u00f1ada por Mauricio Osorio Dom\u00ednguez, presidente municipal de Valle de Bravo, Anna Sof\u00eda Manzur Garc\u00eda Maass, directora general de la Comisi\u00f3n Estatal de Parques Naturales y de la Fauna, indic\u00f3 que estas acciones son resultado de los trabajos de conservaci\u00f3n de espacios naturales que lleva a cabo la administraci\u00f3n estatal.<\/p>\n<p>Destac\u00f3 que en el caso del Parque Estatal Monte Alto, este es un sitio para la recreaci\u00f3n, a fin de que los visitantes realicen bicicleta de monta\u00f1a, d\u00edas de campo, campismo e incluso vivir la experiencia de lanzarse en parapente.<\/p>\n<p>Indic\u00f3 que la rehabilitaci\u00f3n del camino de acceso al campamento del parque, tuvo una inversi\u00f3n de 964 mil pesos, adem\u00e1s se entreg\u00f3 equipamiento para el combate de incendios a personal de la CEPANAF.<\/p>\n<p>Asimismo, resalt\u00f3 la importancia que representa el Estado de M\u00e9xico a nivel nacional, al ser la entidad con mayor n\u00famero de \u00c1reas Naturales Protegidas (A.N.P\u2019s) con m\u00e1s de un mill\u00f3n de hect\u00e1reas decretadas.<\/p>\n<p>Indic\u00f3 que gracias al compromiso del Gobierno del Estado de M\u00e9xico con el medio ambiente, se ha logrado incrementar el n\u00famero de publicaciones de programas de manejo para las A.N.P\u2019s, lo que ayuda a dar un adecuado uso, conservaci\u00f3n y mantenimiento de los recursos naturales y de servicio que ofrecen est\u00e1s \u00e1reas.<\/p>\n","protected":false},"excerpt":{"rendered":"<p>En el marco del 25 aniversario del Parque Estatal Monte Alto, ubicado en el municipio de Valle de Bravo, se entreg\u00f3 la rehabilitaci\u00f3n del camino de acceso al campamento del parque, adem\u00e1s de que ahora este espacio contar\u00e1 las 24 horas con elementos de vigilancia y c\u00e1maras de videovigilancia por parte de la Comisi\u00f3n Estatal de Seguridad Ciudadana de la entidad, para brindar seguridad a las personas que visitan este parque, evitar la tala clandestina y la propagaci\u00f3n de incendios forestales.<\/p>\n","protected":false},"author":5,"featured_media":285523,"comment_status":"open","ping_status":"open","sticky":false,"template":"","format":"standard","meta":{"_monsterinsights_skip_tracking":false,"_monsterinsights_sitenote_active":false,"_monsterinsights_sitenote_note":"","_monsterinsights_sitenote_category":0,"footnotes":""},"categories":[5],"tags":[1458],"class_list":["post-285522","post","type-post","status-publish","format-standard","has-post-thumbnail","hentry","category-estado-de-mexico","tag-valle-de-bravo"],"_links":{"self":[{"href":"https:\/\/www.diarioimagen.net\/index.php?rest_route=\/wp\/v2\/posts\/285522","targetHints":{"allow":["GET"]}}],"collection":[{"href":"https:\/\/www.diarioimagen.net\/index.php?rest_route=\/wp\/v2\/posts"}],"about":[{"href":"https:\/\/www.diarioimagen.net\/index.php?rest_route=\/wp\/v2\/types\/post"}],"author":[{"embeddable":true,"href":"https:\/\/www.diarioimagen.net\/index.php?rest_route=\/wp\/v2\/users\/5"}],"replies":[{"embeddable":true,"href":"https:\/\/www.diarioimagen.net\/index.php?rest_route=%2Fwp%2Fv2%2Fcomments&post=285522"}],"version-history":[{"count":0,"href":"https:\/\/www.diarioimagen.net\/index.php?rest_route=\/wp\/v2\/posts\/285522\/revisions"}],"wp:featuredmedia":[{"embeddable":true,"href":"https:\/\/www.diarioimagen.net\/index.php?rest_route=\/wp\/v2\/media\/285523"}],"wp:attachment":[{"href":"https:\/\/www.diarioimagen.net\/index.php?rest_route=%2Fwp%2Fv2%2Fmedia&parent=285522"}],"wp:term":[{"taxonomy":"category","embeddable":true,"href":"https:\/\/www.diarioimagen.net\/index.php?rest_route=%2Fwp%2Fv2%2Fcategories&post=285522"},{"taxonomy":"post_tag","embeddable":true,"href":"https:\/\/www.diarioimagen.net\/index.php?rest_route=%2Fwp%2Fv2%2Ftags&post=285522"}],"curies":[{"name":"wp","href":"https:\/\/api.w.org\/{rel}","templated":true}]}}