{"id":285577,"date":"2016-08-24T00:10:20","date_gmt":"2016-08-24T05:10:20","guid":{"rendered":"http:\/\/www.diarioimagen.net\/?p=285577"},"modified":"2016-08-24T04:21:31","modified_gmt":"2016-08-24T09:21:31","slug":"ningun-nino-sin-estudios-por-falta-de-recursos","status":"publish","type":"post","link":"https:\/\/www.diarioimagen.net\/?p=285577","title":{"rendered":"Ning\u00fan ni\u00f1o sin estudios por falta de recursos"},"content":{"rendered":"<h2>Arco Norte<\/h2>\n<h5>Jos\u00e9 Luis Monta\u00f1ez Aguilar<\/h5>\n<p>&nbsp;<\/p>\n<div id=\"attachment_285666\" style=\"width: 430px\" class=\"wp-caption aligncenter\"><a href=\"http:\/\/www.diarioimagen.net\/?attachment_id=285666\" rel=\"attachment wp-att-285666\"><img loading=\"lazy\" decoding=\"async\" aria-describedby=\"caption-attachment-285666\" class=\"size-large wp-image-285666\" src=\"http:\/\/www.diarioimagen.net\/wp-content\/uploads\/2016\/08\/arco-2939-420x279.jpg\" alt=\"Eruviel \u00c1vila - Inaugurando escuelas de educaci\u00f3n b\u00e1sica en campos militares.\" width=\"420\" height=\"279\" srcset=\"https:\/\/www.diarioimagen.net\/wp-content\/uploads\/2016\/08\/arco-2939-420x279.jpg 420w, https:\/\/www.diarioimagen.net\/wp-content\/uploads\/2016\/08\/arco-2939-240x159.jpg 240w, https:\/\/www.diarioimagen.net\/wp-content\/uploads\/2016\/08\/arco-2939.jpg 640w\" sizes=\"auto, (max-width: 420px) 100vw, 420px\" \/><\/a><p id=\"caption-attachment-285666\" class=\"wp-caption-text\">Eruviel \u00c1vila &#8211; Inaugurando escuelas de educaci\u00f3n b\u00e1sica en campos militares.<\/p><\/div>\n<p>&nbsp;<\/p>\n<p>En apoyo a estudiantes mexiquenses de tercer grado de secundaria, que corren el riesgo de abandonar sus estudios por falta de recursos econ\u00f3micos, el gobernador Eruviel \u00c1vila Villegas abri\u00f3 la convocatoria del programa \u201cEl Valor de Permanecer Estudiando\u201d, que contempla la entrega de m\u00e1s de 15 mil becas para garantizar la permanencia de estos alumnos, quienes adem\u00e1s recibir\u00e1n \u00fatiles escolares y, en caso de requerirlo, lentes y zapatos ortop\u00e9dicos.<\/p>\n<p>\u201cHoy estamos aqu\u00ed formalmente dando a conocer esta beca, los alumnos que la necesiten habr\u00e1n de estar considerados y ser\u00e1n sus propios compa\u00f1eros, ser\u00e1n los propios padres de familia, quienes decidan, con el aval de los maestros, qui\u00e9nes necesitan esta beca. No vamos\u00a0 a permitir que por carencia de recursos las ni\u00f1as, los ni\u00f1os, dejen de estudiar aprovechen el valor de permanecer estudiando a trav\u00e9s de esta beca\u201d, se\u00f1al\u00f3.<\/p>\n<p>As\u00ed lo dijo \u00c1vila Villegas durante la inauguraci\u00f3n simult\u00e1nea de seis escuelas de educaci\u00f3n b\u00e1sica, en los campos militares de San Miguel de los Jag\u00fceyes, en Huehuetoca, y San Miguel Ixtapan, en Tejupilco, que realiz\u00f3 en compa\u00f1\u00eda del secretario de la Defensa Nacional, Salvador Cienfuegos Zepeda y del titular de la SEP, Aurelio Nu\u00f1o.<\/p>\n<p style=\"text-align: center;\"><strong>Entrega Isis \u00c1vila becas a estudiantes con autismo<\/strong><\/p>\n<p>Adem\u00e1s de entregar becas, la presidenta del DIF Estado de M\u00e9xico, Isis \u00c1vila Mu\u00f1oz, en compa\u00f1\u00eda de Carolina Alan\u00eds Moreno, directora general del DIFEM, Juan Jaffet Mill\u00e1n, subsecretario de Educaci\u00f3n B\u00e1sica y Normal Estatal, as\u00ed como Gabriela Bringas presidenta del DIF Metepec, inaugur\u00f3 las nuevas instalaciones del Centro de Atenci\u00f3n M\u00faltiple \u201cLaura M\u00e9ndez Cuenca\u201d, ubicado en el barrio de San Miguel Totocuitlapilco, en Metepec, que permitir\u00e1n ampliar y mejorar los servicios en beneficio de los cerca de 70 alumnos de entre cuatro a 24 a\u00f1os que cursan preescolar, primaria, secundaria y formaci\u00f3n para el trabajo.<\/p>\n<p>La titular del organismo se\u00f1al\u00f3 que ahora este CAM 8, cuenta en su\u00a0 construcci\u00f3n con cuatro edificios donde se habilitaron las \u00e1reas de direcci\u00f3n, equipo de apoyo, sanitarios, seis aulas, comedor, jard\u00edn, talleres de psicomotricidad y computaci\u00f3n, as\u00ed como la adecuaci\u00f3n de rampas, barandales y gu\u00edas para ni\u00f1os con discapacidad visual.<\/p>\n<p style=\"text-align: center;\"><strong>Supervisan operativo Transporte Estatal Seguro en Naucalpan<\/strong><\/p>\n<p>En el marco del Mando \u00danico, Erasto Mart\u00ednez Rojas, secretario de Infraestructura del Estado de M\u00e9xico, y el alcalde de Naucalpan, Edgar Olvera Higuera, supervisaron la aplicaci\u00f3n del operativo Plan TR3S, Transporte Estatal Seguro.<\/p>\n<p>Durante el dispositivo, encabezado por el comisionado de Seguridad Ciudadana del Estado de M\u00e9xico, Eduardo Valiente Hern\u00e1ndez, los funcionarios explicaron a los pasajeros el proceso del dispositivo de seguridad, que consiste en la revisi\u00f3n a hombres y mujeres, para procurar la integridad de los pasajeros.<\/p>\n<p><em><a href=\"mailto:montanezaguilar@gmail.com\" target=\"_blank\">montanezaguilar@gmail.com<\/a><\/em><\/p>\n","protected":false},"excerpt":{"rendered":"<p><span style=\"color: #005497;\">Jos\u00e9 Luis Monta\u00f1ez Aguilar<\/span><br \/>\n<br \/>\nEn apoyo a estudiantes mexiquenses de tercer grado de secundaria, que corren el riesgo de abandonar sus estudios por falta de recursos econ\u00f3micos, el gobernador Eruviel \u00c1vila Villegas abri\u00f3 la convocatoria del programa \u201cEl Valor de Permanecer Estudiando\u201d, que contempla la entrega de m\u00e1s de 15 mil becas para garantizar la permanencia de estos alumnos, quienes adem\u00e1s recibir\u00e1n \u00fatiles escolares y, en caso de requerirlo, lentes y zapatos ortop\u00e9dicos.<\/p>\n","protected":false},"author":3,"featured_media":285666,"comment_status":"open","ping_status":"open","sticky":false,"template":"","format":"standard","meta":{"_monsterinsights_skip_tracking":false,"_monsterinsights_sitenote_active":false,"_monsterinsights_sitenote_note":"","_monsterinsights_sitenote_category":0,"footnotes":""},"categories":[5],"tags":[13284,43704,43674],"class_list":["post-285577","post","type-post","status-publish","format-standard","has-post-thumbnail","hentry","category-estado-de-mexico","tag-arco-norte","tag-jose-luis-montanez-aguilar","tag-opinion"],"_links":{"self":[{"href":"https:\/\/www.diarioimagen.net\/index.php?rest_route=\/wp\/v2\/posts\/285577","targetHints":{"allow":["GET"]}}],"collection":[{"href":"https:\/\/www.diarioimagen.net\/index.php?rest_route=\/wp\/v2\/posts"}],"about":[{"href":"https:\/\/www.diarioimagen.net\/index.php?rest_route=\/wp\/v2\/types\/post"}],"author":[{"embeddable":true,"href":"https:\/\/www.diarioimagen.net\/index.php?rest_route=\/wp\/v2\/users\/3"}],"replies":[{"embeddable":true,"href":"https:\/\/www.diarioimagen.net\/index.php?rest_route=%2Fwp%2Fv2%2Fcomments&post=285577"}],"version-history":[{"count":0,"href":"https:\/\/www.diarioimagen.net\/index.php?rest_route=\/wp\/v2\/posts\/285577\/revisions"}],"wp:featuredmedia":[{"embeddable":true,"href":"https:\/\/www.diarioimagen.net\/index.php?rest_route=\/wp\/v2\/media\/285666"}],"wp:attachment":[{"href":"https:\/\/www.diarioimagen.net\/index.php?rest_route=%2Fwp%2Fv2%2Fmedia&parent=285577"}],"wp:term":[{"taxonomy":"category","embeddable":true,"href":"https:\/\/www.diarioimagen.net\/index.php?rest_route=%2Fwp%2Fv2%2Fcategories&post=285577"},{"taxonomy":"post_tag","embeddable":true,"href":"https:\/\/www.diarioimagen.net\/index.php?rest_route=%2Fwp%2Fv2%2Ftags&post=285577"}],"curies":[{"name":"wp","href":"https:\/\/api.w.org\/{rel}","templated":true}]}}