{"id":285591,"date":"2016-08-24T00:02:00","date_gmt":"2016-08-24T05:02:00","guid":{"rendered":"http:\/\/www.diarioimagen.net\/?p=285591"},"modified":"2016-08-24T04:00:22","modified_gmt":"2016-08-24T09:00:22","slug":"festeja-denisse-ugalde-alegria-a-los-bomberos-de-tlalnepantla","status":"publish","type":"post","link":"https:\/\/www.diarioimagen.net\/?p=285591","title":{"rendered":"Festeja Denisse Ugalde Alegr\u00eda a los bomberos de Tlalnepantla"},"content":{"rendered":"<ul>\n<li><strong><em>D\u00eda tras d\u00eda arriesgan su propia vida<\/em><\/strong><\/li>\n<\/ul>\n<p>&nbsp;<\/p>\n<div id=\"attachment_285685\" style=\"width: 430px\" class=\"wp-caption aligncenter\"><a href=\"http:\/\/www.diarioimagen.net\/?attachment_id=285685\" rel=\"attachment wp-att-285685\"><img loading=\"lazy\" decoding=\"async\" aria-describedby=\"caption-attachment-285685\" class=\"size-large wp-image-285685\" src=\"http:\/\/www.diarioimagen.net\/wp-content\/uploads\/2016\/08\/TLALNEPANTLA-2939-420x236.jpg\" alt=\"La alcaldesa Denisse Ugalde destac\u00f3 que el Cuerpo de Bomberos de Tlalnepantla se ha posicionado como uno de los mejores del Edomex.\" width=\"420\" height=\"236\" srcset=\"https:\/\/www.diarioimagen.net\/wp-content\/uploads\/2016\/08\/TLALNEPANTLA-2939-420x236.jpg 420w, https:\/\/www.diarioimagen.net\/wp-content\/uploads\/2016\/08\/TLALNEPANTLA-2939-240x135.jpg 240w, https:\/\/www.diarioimagen.net\/wp-content\/uploads\/2016\/08\/TLALNEPANTLA-2939-235x132.jpg 235w, https:\/\/www.diarioimagen.net\/wp-content\/uploads\/2016\/08\/TLALNEPANTLA-2939-202x114.jpg 202w, https:\/\/www.diarioimagen.net\/wp-content\/uploads\/2016\/08\/TLALNEPANTLA-2939-350x196.jpg 350w, https:\/\/www.diarioimagen.net\/wp-content\/uploads\/2016\/08\/TLALNEPANTLA-2939-220x123.jpg 220w, https:\/\/www.diarioimagen.net\/wp-content\/uploads\/2016\/08\/TLALNEPANTLA-2939-237x132.jpg 237w, https:\/\/www.diarioimagen.net\/wp-content\/uploads\/2016\/08\/TLALNEPANTLA-2939.jpg 480w\" sizes=\"auto, (max-width: 420px) 100vw, 420px\" \/><\/a><p id=\"caption-attachment-285685\" class=\"wp-caption-text\">La alcaldesa Denisse Ugalde destac\u00f3 que el Cuerpo de Bomberos de Tlalnepantla se ha posicionado como uno de los mejores del Edomex.<\/p><\/div>\n<p>&nbsp;<\/p>\n<p><strong>Tlalnepantla, Estado de M\u00e9xico<\/strong>.- Con motivo del D\u00eda del Bombero, la alcaldesa Denisse Ugalde Alegr\u00eda festej\u00f3 a quienes con entrega y compromiso d\u00eda tras d\u00eda arriesgan su propia vida para salvar la integridad f\u00edsica y el patrimonio de los tlalnepantlenses.<\/p>\n<p>\u201cEste d\u00eda s\u00f3lo es un pretexto para externar nuestra gratitud hacia ustedes; decirles que en Tlalnepantla estamos orgullosos de contar con hombres y mujeres que no conocen de d\u00edas festivos ni de condiciones clim\u00e1ticas, sino por el contrario, que tienen disposici\u00f3n para trabajar las 24 horas de los 365 d\u00edas del a\u00f1o\u201d, enfatiz\u00f3 la presidenta municipal.<\/p>\n<p>Destac\u00f3 que el Cuerpo de Bomberos de Tlalnepantla se ha posicionado como uno de los mejores de la entidad mexiquense, muestra de ello es que han sido Presea Estado de M\u00e9xico y que son una de las corporaciones m\u00e1s solicitadas por municipios aleda\u00f1os cuando tienen alg\u00fan siniestro.<\/p>\n<p>Al felicitar a los 104 elementos del Cuerpo de Bomberos, Denisse Ugalde reiter\u00f3 su compromiso de seguir gestionando apoyos que les permitan, a ellos y a sus familias, acceder a una mejor calidad de vida.<\/p>\n<p>Inform\u00f3 que en reconocimiento a su noble labor, en los pr\u00f3ximos d\u00edas todos los vulcanos recibir\u00e1n el pago de una quincena adicional, adem\u00e1s de que se contin\u00faa buscando que empresarios del municipio otorguen becas econ\u00f3micas a sus hijos y a los de los polic\u00edas.<\/p>\n<p>Ugalde Alegr\u00eda a\u00f1adi\u00f3 con apoyo de los s\u00edndicos y regidores, en breve el gobierno municipal estar\u00e1 en posibilidades de adquirir m\u00e1s equipamiento que garantice a los bomberos desempe\u00f1ar su labor en mejores condiciones.<\/p>\n<p>En este magno festejo, la alcaldesa llev\u00f3 a cabo la rifa de m\u00e1s de 150 regalos, entre refrigeradores, roperos, hornos de microondas, sistemas de teatro, pantallas, entre otros electrodom\u00e9sticos.<\/p>\n<p>&nbsp;<\/p>\n","protected":false},"excerpt":{"rendered":"<p> Con motivo del D\u00eda del Bombero, la alcaldesa Denisse Ugalde Alegr\u00eda festej\u00f3 a quienes con entrega y compromiso d\u00eda tras d\u00eda arriesgan su propia vida para salvar la integridad f\u00edsica y el patrimonio de los tlalnepantlenses.<\/p>\n","protected":false},"author":3,"featured_media":285685,"comment_status":"open","ping_status":"open","sticky":false,"template":"","format":"standard","meta":{"_monsterinsights_skip_tracking":false,"_monsterinsights_sitenote_active":false,"_monsterinsights_sitenote_note":"","_monsterinsights_sitenote_category":0,"footnotes":""},"categories":[35155],"tags":[43675,20602,169],"class_list":["post-285591","post","type-post","status-publish","format-standard","has-post-thumbnail","hentry","category-estado-de-mexico-estado-de-mexico","tag-estado-de-mexico","tag-festejo","tag-tlalnepantla"],"_links":{"self":[{"href":"https:\/\/www.diarioimagen.net\/index.php?rest_route=\/wp\/v2\/posts\/285591","targetHints":{"allow":["GET"]}}],"collection":[{"href":"https:\/\/www.diarioimagen.net\/index.php?rest_route=\/wp\/v2\/posts"}],"about":[{"href":"https:\/\/www.diarioimagen.net\/index.php?rest_route=\/wp\/v2\/types\/post"}],"author":[{"embeddable":true,"href":"https:\/\/www.diarioimagen.net\/index.php?rest_route=\/wp\/v2\/users\/3"}],"replies":[{"embeddable":true,"href":"https:\/\/www.diarioimagen.net\/index.php?rest_route=%2Fwp%2Fv2%2Fcomments&post=285591"}],"version-history":[{"count":0,"href":"https:\/\/www.diarioimagen.net\/index.php?rest_route=\/wp\/v2\/posts\/285591\/revisions"}],"wp:featuredmedia":[{"embeddable":true,"href":"https:\/\/www.diarioimagen.net\/index.php?rest_route=\/wp\/v2\/media\/285685"}],"wp:attachment":[{"href":"https:\/\/www.diarioimagen.net\/index.php?rest_route=%2Fwp%2Fv2%2Fmedia&parent=285591"}],"wp:term":[{"taxonomy":"category","embeddable":true,"href":"https:\/\/www.diarioimagen.net\/index.php?rest_route=%2Fwp%2Fv2%2Fcategories&post=285591"},{"taxonomy":"post_tag","embeddable":true,"href":"https:\/\/www.diarioimagen.net\/index.php?rest_route=%2Fwp%2Fv2%2Ftags&post=285591"}],"curies":[{"name":"wp","href":"https:\/\/api.w.org\/{rel}","templated":true}]}}