{"id":285756,"date":"2016-08-24T17:23:54","date_gmt":"2016-08-24T22:23:54","guid":{"rendered":"http:\/\/www.diarioimagen.net\/?p=285756"},"modified":"2016-08-26T05:00:35","modified_gmt":"2016-08-26T10:00:35","slug":"se-invierten-mas-de-335-mdp-en-centros-de-investigacion-en-edomex","status":"publish","type":"post","link":"https:\/\/www.diarioimagen.net\/?p=285756","title":{"rendered":"Se invierten m\u00e1s de 335 mdp en centros de investigaci\u00f3n en Edomex"},"content":{"rendered":"<ul>\n<li><em><strong>Contribuyen al desarrollo econ\u00f3mico de la entidad<\/strong><\/em><\/li>\n<\/ul>\n<p>&nbsp;<\/p>\n<div id=\"attachment_285757\" style=\"width: 430px\" class=\"wp-caption aligncenter\"><a href=\"http:\/\/www.diarioimagen.net\/?attachment_id=285757\" rel=\"attachment wp-att-285757\"><img loading=\"lazy\" decoding=\"async\" aria-describedby=\"caption-attachment-285757\" class=\"size-large wp-image-285757\" src=\"http:\/\/www.diarioimagen.net\/wp-content\/uploads\/2016\/08\/CENTROS25-PORTAL-420x245.jpg\" alt=\"Se han destinado m\u00e1s de 335 millones de pesos para impulsar centros de investigaci\u00f3n estrat\u00e9gicos en Edomex.\" width=\"420\" height=\"245\" srcset=\"https:\/\/www.diarioimagen.net\/wp-content\/uploads\/2016\/08\/CENTROS25-PORTAL-420x245.jpg 420w, https:\/\/www.diarioimagen.net\/wp-content\/uploads\/2016\/08\/CENTROS25-PORTAL-240x140.jpg 240w, https:\/\/www.diarioimagen.net\/wp-content\/uploads\/2016\/08\/CENTROS25-PORTAL.jpg 480w\" sizes=\"auto, (max-width: 420px) 100vw, 420px\" \/><\/a><p id=\"caption-attachment-285757\" class=\"wp-caption-text\">Se han destinado m\u00e1s de 335 millones de pesos para impulsar centros de investigaci\u00f3n estrat\u00e9gicos en Edomex.<\/p><\/div>\n<p>&nbsp;<\/p>\n<p>Toluca, Mex.- Durante la presente administraci\u00f3n se han invertido m\u00e1s de 335 millones de pesos a trav\u00e9s del Fondo Mixto del CONACYT-Gobierno del Estado de M\u00e9xico, programa que es parte del Consejo Mexiquense de Ciencia y Tecnolog\u00eda (COMECYT), para impulsar centros de investigaci\u00f3n estrat\u00e9gicos que contribuyen al desarrollo econ\u00f3mico de la entidad.<\/p>\n<p>Silvia Cristina Manzur Quiroga, directora General del COMECYT, indic\u00f3 que con este fondo se favorece la formaci\u00f3n de capital humano, la ejecuci\u00f3n de proyectos de investigaci\u00f3n cient\u00edfica y desarrollo tecnol\u00f3gico, as\u00ed como la creaci\u00f3n de infraestructura cient\u00edfica y tecnol\u00f3gica, adem\u00e1s de que se propicia interacci\u00f3n entre los actores del sistema estatal de innovaci\u00f3n.<\/p>\n<p>Detall\u00f3 que los Centros de Ingenier\u00eda y Tecnolog\u00eda del Pl\u00e1stico, el de Manufactura Avanzada y Log\u00edstica, de Matem\u00e1ticas Aplicadas y C\u00f3mputo de Alto Rendimiento del Departamento de Matem\u00e1ticas, as\u00ed como el Centro para Estudios de Intercambiabilidad de Medicamentos de Uso Veterinario, y el Laboratorio de Dise\u00f1o en Sistemas Robotizados y Manufactura Flexible.mx., son algunos de los Centros de Investigaci\u00f3n que se han visto favorecidos dentro del Estado de M\u00e9xico.<\/p>\n<p>La funcionaria estatal puntualiz\u00f3 que el Consejo seguir\u00e1 trabajando a favor de los mexiquenses interesados en los temas Ciencia y Tecnolog\u00eda, as\u00ed como en el impulso de esta materia en ni\u00f1os y j\u00f3venes, a trav\u00e9s de los diferentes espacios programados por el COMECYT.<\/p>\n","protected":false},"excerpt":{"rendered":"<p>Durante la presente administraci\u00f3n se han invertido m\u00e1s de 335 millones de pesos a trav\u00e9s del Fondo Mixto del CONACYT-Gobierno del Estado de M\u00e9xico, programa que es parte del Consejo Mexiquense de Ciencia y Tecnolog\u00eda (COMECYT), para impulsar centros de investigaci\u00f3n estrat\u00e9gicos que contribuyen al desarrollo econ\u00f3mico de la entidad.<\/p>\n","protected":false},"author":5,"featured_media":285757,"comment_status":"open","ping_status":"open","sticky":false,"template":"","format":"standard","meta":{"_monsterinsights_skip_tracking":false,"_monsterinsights_sitenote_active":false,"_monsterinsights_sitenote_note":"","_monsterinsights_sitenote_category":0,"footnotes":""},"categories":[35155],"tags":[],"class_list":["post-285756","post","type-post","status-publish","format-standard","has-post-thumbnail","hentry","category-estado-de-mexico-estado-de-mexico"],"_links":{"self":[{"href":"https:\/\/www.diarioimagen.net\/index.php?rest_route=\/wp\/v2\/posts\/285756","targetHints":{"allow":["GET"]}}],"collection":[{"href":"https:\/\/www.diarioimagen.net\/index.php?rest_route=\/wp\/v2\/posts"}],"about":[{"href":"https:\/\/www.diarioimagen.net\/index.php?rest_route=\/wp\/v2\/types\/post"}],"author":[{"embeddable":true,"href":"https:\/\/www.diarioimagen.net\/index.php?rest_route=\/wp\/v2\/users\/5"}],"replies":[{"embeddable":true,"href":"https:\/\/www.diarioimagen.net\/index.php?rest_route=%2Fwp%2Fv2%2Fcomments&post=285756"}],"version-history":[{"count":0,"href":"https:\/\/www.diarioimagen.net\/index.php?rest_route=\/wp\/v2\/posts\/285756\/revisions"}],"wp:featuredmedia":[{"embeddable":true,"href":"https:\/\/www.diarioimagen.net\/index.php?rest_route=\/wp\/v2\/media\/285757"}],"wp:attachment":[{"href":"https:\/\/www.diarioimagen.net\/index.php?rest_route=%2Fwp%2Fv2%2Fmedia&parent=285756"}],"wp:term":[{"taxonomy":"category","embeddable":true,"href":"https:\/\/www.diarioimagen.net\/index.php?rest_route=%2Fwp%2Fv2%2Fcategories&post=285756"},{"taxonomy":"post_tag","embeddable":true,"href":"https:\/\/www.diarioimagen.net\/index.php?rest_route=%2Fwp%2Fv2%2Ftags&post=285756"}],"curies":[{"name":"wp","href":"https:\/\/api.w.org\/{rel}","templated":true}]}}