{"id":285814,"date":"2016-08-25T00:07:54","date_gmt":"2016-08-25T05:07:54","guid":{"rendered":"http:\/\/www.diarioimagen.net\/?p=285814"},"modified":"2016-08-26T05:36:57","modified_gmt":"2016-08-26T10:36:57","slug":"panistas-inconformes","status":"publish","type":"post","link":"https:\/\/www.diarioimagen.net\/?p=285814","title":{"rendered":"Panistas inconformes"},"content":{"rendered":"<h2>Punto por punto<\/h2>\n<h5>Augusto Corro<\/h5>\n<p>&nbsp;<\/p>\n<div id=\"attachment_285815\" style=\"width: 430px\" class=\"wp-caption aligncenter\"><a href=\"http:\/\/www.diarioimagen.net\/?attachment_id=285815\" rel=\"attachment wp-att-285815\"><img loading=\"lazy\" decoding=\"async\" aria-describedby=\"caption-attachment-285815\" class=\"size-large wp-image-285815\" src=\"http:\/\/www.diarioimagen.net\/wp-content\/uploads\/2016\/08\/corro-2940-420x236.jpg\" alt=\"Ricardo Anaya.\" width=\"420\" height=\"236\" srcset=\"https:\/\/www.diarioimagen.net\/wp-content\/uploads\/2016\/08\/corro-2940-420x236.jpg 420w, https:\/\/www.diarioimagen.net\/wp-content\/uploads\/2016\/08\/corro-2940-240x135.jpg 240w, https:\/\/www.diarioimagen.net\/wp-content\/uploads\/2016\/08\/corro-2940-235x132.jpg 235w, https:\/\/www.diarioimagen.net\/wp-content\/uploads\/2016\/08\/corro-2940-202x114.jpg 202w, https:\/\/www.diarioimagen.net\/wp-content\/uploads\/2016\/08\/corro-2940-350x196.jpg 350w, https:\/\/www.diarioimagen.net\/wp-content\/uploads\/2016\/08\/corro-2940-220x123.jpg 220w, https:\/\/www.diarioimagen.net\/wp-content\/uploads\/2016\/08\/corro-2940-237x132.jpg 237w, https:\/\/www.diarioimagen.net\/wp-content\/uploads\/2016\/08\/corro-2940.jpg 480w\" sizes=\"auto, (max-width: 420px) 100vw, 420px\" \/><\/a><p id=\"caption-attachment-285815\" class=\"wp-caption-text\">Ricardo Anaya.<\/p><\/div>\n<p>&nbsp;<\/p>\n<p>El l\u00edder panista, Ricardo Anaya, design\u00f3 a los nuevos presidentes de la mesa directiva de la C\u00e1mara de Diputados, en medio de inconformidades.<\/p>\n<p>Principalmente, porque hizo a un lado a Gustavo Madero, a quien le prometi\u00f3 el cargo de presidente en la llamada C\u00e1mara baja.<\/p>\n<p>El mismo Madero dijo que el propio l\u00edder de su partido le ofreci\u00f3 la coordinaci\u00f3n del grupo parlamentario panista y no cumpli\u00f3.<\/p>\n<p>En la presidencia de la C\u00e1mara de Diputados estar\u00e1n el morelense Javier Bola\u00f1os y la queretana Guadalupe Mungu\u00eda, cada uno seis meses.<\/p>\n<p>Lo que se pens\u00f3 que podr\u00eda ser una designaci\u00f3n equitativa, result\u00f3 un problema para los diputados panistas, entre ellos Madero, controvertido pol\u00edtico blanquiazul.<\/p>\n<p>Por cierto, Gustavo Madero no le dio vueltas al asunto y manifest\u00f3 su malestar e \u00edntima convicci\u00f3n de que Ricardo Anaya y el grupo que lo rodea no cumplen su palabra.<\/p>\n<p>Lo anterior se registr\u00f3 en la reuni\u00f3n que sostuvieron los panistas en Morelos, en funci\u00f3n del nuevo periodo legislativo en San L\u00e1zaro.<\/p>\n<p>Estaba previsto que la lucha en el interior del Partido Acci\u00f3n Nacional llegar\u00eda tarde o temprano.<\/p>\n<p>Al dirigente Ricardo Anaya se le complica su situaci\u00f3n, porque su partido representa un pilar fundamental de apoyo para aquellos que buscan las candidaturas presidenciales en el 2018.<\/p>\n<p>Por el momento, es la esposa del ex presidente Felipe Calder\u00f3n, y el gobernador de Puebla, Rafael Moreno Valle, son los panistas m\u00e1s visibles que espiran el abanderamiento albiazul.<\/p>\n<p>Se supone que el propio Ricardo Anaya tambi\u00e9n buscar\u00e1 llegar a Los Pinos, con\u00a0 los \u201ccampanazos\u201d que logr\u00f3 al ganar siete gubernaturas en las elecciones recientes.<\/p>\n<p>Esos triunfos pusieron al l\u00edder en una posici\u00f3n de luchar al mismo nivel con los otros contendientes panistas con los mismos deseos de obtener la candidatura.<\/p>\n<p>Sin embargo, el multicitado Anaya tendr\u00e1 que pensar detenidamente los pasos que d\u00e9, porque los militantes estar\u00e1n muy pendientes de lo que ocurra, porque a pesar de su victoria, no dejan de se\u00f1alarlo como un dirigente sin la experiencia necesaria para resolver los conflictos que se presentar\u00e1n, como el control del partido que buscan los esposos Calder\u00f3n.<\/p>\n<p>Por cierto, el nombramiento de Javier Bola\u00f1os como pr\u00f3ximo presidente de la mesa directiva de San L\u00e1zaro les dej\u00f3 mal sabor de boca a los blanquiazules, por su pasado oscuro.<\/p>\n<p>El nuevo directivo en San L\u00e1zaro trabaj\u00f3, durante nueve a\u00f1os, al lado del ex gobernador panista de Morelos, Sergio Estrada Cajigal, se\u00f1alado por sus presuntos v\u00ednculos con la delincuencia organizada, especial con Juan Jos\u00e9 Esparragoza \u201cEl Azul\u201d.<\/p>\n<p style=\"text-align: center;\"><b>YA BASTA DE LEYES<\/b><\/p>\n<p>Es incre\u00edble la cantidad de leyes que tenemos los mexicanos contra cualquier tipo delito; sin embargo, la impunidad impera en todo el pa\u00eds.<\/p>\n<p>\u00bfCu\u00e1ntos son los delincuentes que no son castigados, beneficiados por la corrupci\u00f3n de las autoridades?<\/p>\n<p>Las estad\u00edsticas nos muestran que casi el cien por ciento de los delitos del crimen organizado no se castiga.<\/p>\n<p>Tambi\u00e9n ser\u00eda importante se\u00f1alar que la corrupci\u00f3n alcanza a funcionarios p\u00fablicos de todos los niveles, a pol\u00edticos, etc., que se amparan en el fuero, condici\u00f3n de privilegio que los pone al margen de juicios para enviarlos a la c\u00e1rcel.<\/p>\n<p>Esto viene a cuento, porque en el Partido de la Revoluci\u00f3n Democr\u00e1tica (PRD) se alistan para nuevas leyes anticorrupci\u00f3n.<\/p>\n<p>El l\u00edder amarillo en el Senado, Miguel Barbosa, plante\u00f3 desaparecer condiciones como el fuero y realizar juicios pol\u00edticos y abordar la creaci\u00f3n de leyes, como la Ley de Propaganda Gubernamental, la Ley de Obras y de Salarios M\u00ednimos.<\/p>\n<p>Quiz\u00e1 es necesario lo que se\u00f1al\u00f3 el senador Barbosa, pero \u00bfde qu\u00e9 servir\u00edan nuevas leyes si las que ya existen no se aplican?<\/p>\n<p>Por ejemplo, \u00bfalguien se acuerda del juicio pol\u00edtico a alg\u00fan gobernador por su mala administraci\u00f3n o el saqueo al tesoro p\u00fablico?<\/p>\n<p>Si alguien les exigiera cuentas a esos \u201cvirreyes\u201d es posible conocer\u00eda que ninguno o pocos podr\u00edan andar en libertad.<\/p>\n<p>Pero no olvidar que para la clase pol\u00edtica existe, en la mayor\u00eda de los casos, una protecci\u00f3n a los saqueadores del erario.<\/p>\n<p>Repetimos, no es mala idea de m\u00e1s leyes anticorrupci\u00f3n, pero lo prudente es que las que existen se cumplan. Esto es muy importante si se quiere frenar la espiral de delincuencia que agobia a los mexicanos.<\/p>\n<p>Si la impunidad galopante desaparece y se aplican leyes severas contra los criminales, no hay duda que descender\u00eda el \u00edndice de acciones ilegales.<\/p>\n<p>En fin, el PRD de pugnar por el cumplimiento de las leyes que ya tenemos, para despu\u00e9s buscar las complementarias. Acumular c\u00f3digos legales sin aplicarlos no conduce a nada.<\/p>\n<p><em><a href=\"mailto:aco2742@hotmail.com\" target=\"_blank\">aco2742@hotmail.com<\/a><\/em><\/p>\n","protected":false},"excerpt":{"rendered":"<p><span style=\"color: #005497;\"><strong>Augusto Corro<\/strong><\/span><br \/>\n<br \/>\nEl l\u00edder panista, Ricardo Anaya, design\u00f3 a los nuevos presidentes de la mesa directiva de la C\u00e1mara de Diputados, en medio de inconformidades. <\/p>\n","protected":false},"author":1,"featured_media":285815,"comment_status":"open","ping_status":"open","sticky":false,"template":"","format":"standard","meta":{"_monsterinsights_skip_tracking":false,"_monsterinsights_sitenote_active":false,"_monsterinsights_sitenote_note":"","_monsterinsights_sitenote_category":0,"footnotes":""},"categories":[157],"tags":[43686,43674,11515],"class_list":["post-285814","post","type-post","status-publish","format-standard","has-post-thumbnail","hentry","category-augusto-corro","tag-augusto-corro","tag-opinion","tag-punto-por-punto"],"_links":{"self":[{"href":"https:\/\/www.diarioimagen.net\/index.php?rest_route=\/wp\/v2\/posts\/285814","targetHints":{"allow":["GET"]}}],"collection":[{"href":"https:\/\/www.diarioimagen.net\/index.php?rest_route=\/wp\/v2\/posts"}],"about":[{"href":"https:\/\/www.diarioimagen.net\/index.php?rest_route=\/wp\/v2\/types\/post"}],"author":[{"embeddable":true,"href":"https:\/\/www.diarioimagen.net\/index.php?rest_route=\/wp\/v2\/users\/1"}],"replies":[{"embeddable":true,"href":"https:\/\/www.diarioimagen.net\/index.php?rest_route=%2Fwp%2Fv2%2Fcomments&post=285814"}],"version-history":[{"count":0,"href":"https:\/\/www.diarioimagen.net\/index.php?rest_route=\/wp\/v2\/posts\/285814\/revisions"}],"wp:featuredmedia":[{"embeddable":true,"href":"https:\/\/www.diarioimagen.net\/index.php?rest_route=\/wp\/v2\/media\/285815"}],"wp:attachment":[{"href":"https:\/\/www.diarioimagen.net\/index.php?rest_route=%2Fwp%2Fv2%2Fmedia&parent=285814"}],"wp:term":[{"taxonomy":"category","embeddable":true,"href":"https:\/\/www.diarioimagen.net\/index.php?rest_route=%2Fwp%2Fv2%2Fcategories&post=285814"},{"taxonomy":"post_tag","embeddable":true,"href":"https:\/\/www.diarioimagen.net\/index.php?rest_route=%2Fwp%2Fv2%2Ftags&post=285814"}],"curies":[{"name":"wp","href":"https:\/\/api.w.org\/{rel}","templated":true}]}}