{"id":285820,"date":"2016-08-25T00:10:00","date_gmt":"2016-08-25T05:10:00","guid":{"rendered":"http:\/\/www.diarioimagen.net\/?p=285820"},"modified":"2016-08-25T03:41:51","modified_gmt":"2016-08-25T08:41:51","slug":"medidas-a-medias-solo-agravan-contaminacion","status":"publish","type":"post","link":"https:\/\/www.diarioimagen.net\/?p=285820","title":{"rendered":"Medidas a medias s\u00f3lo\u00a0agravan contaminaci\u00f3n\u00a0"},"content":{"rendered":"<ul>\n<li><b>Afirma el Premio Nobel Mario Molina<\/b><\/li>\n<\/ul>\n<p>&nbsp;<\/p>\n<div id=\"attachment_285821\" style=\"width: 430px\" class=\"wp-caption aligncenter\"><a href=\"http:\/\/www.diarioimagen.net\/?attachment_id=285821\" rel=\"attachment wp-att-285821\"><img loading=\"lazy\" decoding=\"async\" aria-describedby=\"caption-attachment-285821\" class=\"size-large wp-image-285821\" src=\"http:\/\/www.diarioimagen.net\/wp-content\/uploads\/2016\/08\/contaminacion-2940-420x298.jpg\" alt=\"El cient\u00edfico, Mario Molina, afirma que la contaminaci\u00f3n requiere medidas a mediano y largo plazos.\" width=\"420\" height=\"298\" srcset=\"https:\/\/www.diarioimagen.net\/wp-content\/uploads\/2016\/08\/contaminacion-2940-420x298.jpg 420w, https:\/\/www.diarioimagen.net\/wp-content\/uploads\/2016\/08\/contaminacion-2940-240x170.jpg 240w, https:\/\/www.diarioimagen.net\/wp-content\/uploads\/2016\/08\/contaminacion-2940-90x65.jpg 90w, https:\/\/www.diarioimagen.net\/wp-content\/uploads\/2016\/08\/contaminacion-2940.jpg 700w\" sizes=\"auto, (max-width: 420px) 100vw, 420px\" \/><\/a><p id=\"caption-attachment-285821\" class=\"wp-caption-text\">El cient\u00edfico, Mario Molina, afirma que la contaminaci\u00f3n requiere medidas a mediano y largo plazos.<\/p><\/div>\n<p>&nbsp;<\/p>\n<p>La soluci\u00f3n a la contaminaci\u00f3n ambiental en la Zona Metropolitana de la Ciudad de M\u00e9xico requiere medidas a mediano y largo plazos, asever\u00f3 el cient\u00edfico mexicano, Mario Molina.<\/p>\n<p>Durante el encuentro \u201cHacia una ciudad sustentable\u201d, el Premio Nobel de Qu\u00edmica 1995 plante\u00f3 que \u201cun problema serio no se puede resolver con medidas a medias y de corto plazo\u201d.<\/p>\n<p>El tambi\u00e9n miembro del Colegio Nacional expuso que en general se deben reducir las emisiones contaminantes, pues son las causantes del deterioro de la calidad del aire.<\/p>\n<p>Mencion\u00f3 que los congestionamientos interfieren no s\u00f3lo con ese proceso, sino con la eficiencia con la que funciona la econom\u00eda de la Ciudad de M\u00e9xico y otras del pa\u00eds.<\/p>\n<p>El especialista refiri\u00f3 que el Centro Mario Molina para Estudios Estrat\u00e9gicos sobre Energ\u00eda y Medio Ambiente ha sugerido mejorar de manera importante el transporte p\u00fablico, el cual debe ser de bajas emisiones, de calidad e integrado a escala metropolitana.<\/p>\n<p>De igual manera, es necesario promover el uso racional del auto y las tecnolog\u00edas limpias, disminuir en forma dr\u00e1stica las emisiones de transporte de carga y las de contaminantes provenientes de la actividad industrial, as\u00ed como la distribuci\u00f3n de combustibles.<\/p>\n<p>En tanto, la directora del Programa Universitario de Estudios sobre la Ciudad (PUEC) de la Universidad Nacional Aut\u00f3noma de M\u00e9xico (UNAM), Alicia Ziccardi, detall\u00f3 que la capital del pa\u00eds es una macro regi\u00f3n urbana metropolitana que en 2010 registr\u00f3 21 millones de habitantes.<\/p>\n<p>Al menos 53 por ciento de ellos vive en los municipios conurbados mexiquenses, 42 por ciento en la Ciudad de M\u00e9xico y cinco por ciento en Hidalgo, y las mayores tasas de crecimiento de 2000 y 2010 se dieron en municipios como Tec\u00e1mac, Tizayuca o Huehuetoca.<\/p>\n<p>Alicia Ziccardi abund\u00f3 que el aumento total de la superficie urbana de 2005 a 2010 fue de 18 mil 800 hect\u00e1reas, de las que 16 mil 500 fueron producto de la expansi\u00f3n perif\u00e9rica de nuevos asentamientos.<\/p>\n<p>Sin embargo por su lejan\u00eda hoy se registra un abandono masivo de esas viviendas, que alcanzan los centenares de miles.<\/p>\n<p>En El Colegio Nacional, el diputado local Enrique Provencio sostuvo, a su vez, que la planeaci\u00f3n de la urbe debe adoptar criterios y vocaci\u00f3n metropolitana; mientras que la jefa delegacional en Tlalpan, Claudia Sheinbaum, explic\u00f3 que seg\u00fan estimaciones para 2030 cerca de 60 por ciento de la poblaci\u00f3n mundial vivir\u00e1 en zonas urbanas.<\/p>\n<p>En su turno la directora del Centro de Ciencias de la Atm\u00f3sfera (CCA), Telma Castro, asever\u00f3 que las pol\u00edticas p\u00fablicas de calidad del aire deben estar s\u00f3lidamente respaldadas por el conocimiento cient\u00edfico.<\/p>\n<p>Por su parte el director del Instituto de Energ\u00edas Renovables, Antonio del R\u00edo, extern\u00f3 que la situaci\u00f3n ambiental actual es el resultado de producir energ\u00eda con hidrocarburos y hoy se carece de una fuente capaz de sustituirlos.<\/p>\n<p>&nbsp;<\/p>\n","protected":false},"excerpt":{"rendered":"<p>La soluci\u00f3n a la contaminaci\u00f3n ambiental en la Zona Metropolitana de la Ciudad de M\u00e9xico requiere medidas a mediano y largo plazos, asever\u00f3 el cient\u00edfico mexicano, Mario Molina.<\/p>\n","protected":false},"author":1,"featured_media":285821,"comment_status":"open","ping_status":"open","sticky":false,"template":"","format":"standard","meta":{"_monsterinsights_skip_tracking":false,"_monsterinsights_sitenote_active":false,"_monsterinsights_sitenote_note":"","_monsterinsights_sitenote_category":0,"footnotes":""},"categories":[6],"tags":[204,15420,8003],"class_list":["post-285820","post","type-post","status-publish","format-standard","has-post-thumbnail","hentry","category-cd-de-mexico","tag-ciudad-de-mexico","tag-contaminacion","tag-mario-molina"],"_links":{"self":[{"href":"https:\/\/www.diarioimagen.net\/index.php?rest_route=\/wp\/v2\/posts\/285820","targetHints":{"allow":["GET"]}}],"collection":[{"href":"https:\/\/www.diarioimagen.net\/index.php?rest_route=\/wp\/v2\/posts"}],"about":[{"href":"https:\/\/www.diarioimagen.net\/index.php?rest_route=\/wp\/v2\/types\/post"}],"author":[{"embeddable":true,"href":"https:\/\/www.diarioimagen.net\/index.php?rest_route=\/wp\/v2\/users\/1"}],"replies":[{"embeddable":true,"href":"https:\/\/www.diarioimagen.net\/index.php?rest_route=%2Fwp%2Fv2%2Fcomments&post=285820"}],"version-history":[{"count":0,"href":"https:\/\/www.diarioimagen.net\/index.php?rest_route=\/wp\/v2\/posts\/285820\/revisions"}],"wp:featuredmedia":[{"embeddable":true,"href":"https:\/\/www.diarioimagen.net\/index.php?rest_route=\/wp\/v2\/media\/285821"}],"wp:attachment":[{"href":"https:\/\/www.diarioimagen.net\/index.php?rest_route=%2Fwp%2Fv2%2Fmedia&parent=285820"}],"wp:term":[{"taxonomy":"category","embeddable":true,"href":"https:\/\/www.diarioimagen.net\/index.php?rest_route=%2Fwp%2Fv2%2Fcategories&post=285820"},{"taxonomy":"post_tag","embeddable":true,"href":"https:\/\/www.diarioimagen.net\/index.php?rest_route=%2Fwp%2Fv2%2Ftags&post=285820"}],"curies":[{"name":"wp","href":"https:\/\/api.w.org\/{rel}","templated":true}]}}