{"id":285823,"date":"2016-08-25T00:09:55","date_gmt":"2016-08-25T05:09:55","guid":{"rendered":"http:\/\/www.diarioimagen.net\/?p=285823"},"modified":"2016-08-25T03:45:14","modified_gmt":"2016-08-25T08:45:14","slug":"en-diciembre-la-estrategia-nacional-de-calidad-del-aire","status":"publish","type":"post","link":"https:\/\/www.diarioimagen.net\/?p=285823","title":{"rendered":"En diciembre, la Estrategia Nacional de Calidad del Aire"},"content":{"rendered":"<ul>\n<li><em><b>Ser\u00e1 la ruta cr\u00edtica a largo plazo<\/b><\/em><\/li>\n<\/ul>\n<p>&nbsp;<\/p>\n<div id=\"attachment_285824\" style=\"width: 430px\" class=\"wp-caption aligncenter\"><a href=\"http:\/\/www.diarioimagen.net\/?attachment_id=285824\" rel=\"attachment wp-att-285824\"><img loading=\"lazy\" decoding=\"async\" aria-describedby=\"caption-attachment-285824\" class=\"size-large wp-image-285824\" src=\"http:\/\/www.diarioimagen.net\/wp-content\/uploads\/2016\/08\/semarnat-2940-420x236.jpg\" alt=\"Rafael Pacchiano Alam\u00e1n, titular de Semarnat.\" width=\"420\" height=\"236\" srcset=\"https:\/\/www.diarioimagen.net\/wp-content\/uploads\/2016\/08\/semarnat-2940-420x236.jpg 420w, https:\/\/www.diarioimagen.net\/wp-content\/uploads\/2016\/08\/semarnat-2940-240x135.jpg 240w, https:\/\/www.diarioimagen.net\/wp-content\/uploads\/2016\/08\/semarnat-2940-235x132.jpg 235w, https:\/\/www.diarioimagen.net\/wp-content\/uploads\/2016\/08\/semarnat-2940-202x114.jpg 202w, https:\/\/www.diarioimagen.net\/wp-content\/uploads\/2016\/08\/semarnat-2940-350x196.jpg 350w, https:\/\/www.diarioimagen.net\/wp-content\/uploads\/2016\/08\/semarnat-2940-220x123.jpg 220w, https:\/\/www.diarioimagen.net\/wp-content\/uploads\/2016\/08\/semarnat-2940-237x132.jpg 237w, https:\/\/www.diarioimagen.net\/wp-content\/uploads\/2016\/08\/semarnat-2940.jpg 480w\" sizes=\"auto, (max-width: 420px) 100vw, 420px\" \/><\/a><p id=\"caption-attachment-285824\" class=\"wp-caption-text\">Rafael Pacchiano Alam\u00e1n, titular de Semarnat.<\/p><\/div>\n<p>&nbsp;<\/p>\n<p>El titular de la Secretar\u00eda de Medio Ambiente y Recursos Naturales, (Semarnat), Rafael Pacchiano Alam\u00e1n, indic\u00f3 que en el mes diciembre se presentar\u00e1 la Estrategia Nacional de Calidad del Aire.<\/p>\n<p>Al asistir a la reuni\u00f3n plenaria de los legisladores del Partido Verde, se\u00f1al\u00f3 la necesidad de trabajar en diversas leyes para mejorar la pol\u00edtica ambiental, entre ellas la ley de calidad del aire en la que se pretende establecer sanciones m\u00e1s severas para los delitos ambientales, as\u00ed como las legislaciones en materia forestal, la de residuos y la de biodiversidad.<\/p>\n<p>Luego de participar en la reuni\u00f3n plenaria de las bancadas de Partido Verde Ecologista de M\u00e9xico (PVEM) en la C\u00e1mara de Diputados y en el Senado, el funcionario federal afirm\u00f3 que tambi\u00e9n en diciembre se presentar\u00e1 el programa ProAire Megalopolitano.<\/p>\n<p>Adem\u00e1s de un paquete normativo, pues se han \u201cidentificado m\u00e1s de 26 normas que tienen que ver con el sector industrial, para prevenir fugas de gas LP en domicilios y sin duda, muchas m\u00e1s normas que tienen que ver con otros sectores que est\u00e1n contaminando\u201d.<\/p>\n<p>Pacchiano Alam\u00e1n afirm\u00f3 que se mantienen pl\u00e1ticas con los legisladores del Partido Verde sobre otros proyectos que se pueden requerir para poder tener una mejor movilidad en la ciudad.<\/p>\n<p>Refiri\u00f3 que se elabora ya la estrategia nacional de calidad del aire, misma que ser\u00e1 la ruta cr\u00edtica a largo plazo para poder tener mejores condiciones ambientales.<\/p>\n<p>\u201cEl objetivo que nos hemos puesto es poder homologarnos con las recomendaciones de la Organizaci\u00f3n Mundial de la Salud, y esta estrategia tendr\u00e1 las l\u00edneas de acci\u00f3n que tendr\u00e1n que seguir tanto esta como futuras administraciones para poderlas homologar.\u201d<\/p>\n<p>En un conocido hotel de la Ciudad de M\u00e9xico, afirm\u00f3 que se sigue colaborando y trabajando de la mano con el gobierno capitalino al grado de que buena parte de los verificentros que tuvieron alg\u00fan tipo de suspensi\u00f3n ya se han ido regularizando.<\/p>\n<p>\u201cSeguiremos trabajando para que est\u00e9n el 100 por ciento en operaci\u00f3n y seguimos trabajando con las autoridades, y no s\u00f3lo de la ciudad, sino con todos los que integran la Comisi\u00f3n Ambiental de la Megal\u00f3polis para poder implementar lo antes posible todas las medidas que hemos venido anunciando\u201d.<\/p>\n<p>El secretario del Medio Ambiente federal mencion\u00f3 que hay una ley en materia de la calidad del aire, que est\u00e1 siendo analizada en el Congreso de la Uni\u00f3n, la cual sin duda traer\u00e1 beneficios a todos.<\/p>\n<p>Destac\u00f3 que otra de las iniciativas que se debe abordar es la referente a tener una mejor legislaci\u00f3n en materia de biodiversidad, que incorpore conceptos de biodiversidad en sectores agr\u00edcolas, pesqueros, forestales, tur\u00edsticos.<\/p>\n<p>Tambi\u00e9n la procuraci\u00f3n de justicia ambiental, \u00e1rea de oportunidad para intensificar las sanciones a quienes cometan delitos ambientales, \u201cy sin duda hay temas legislativos en la materia en las que confi\u00f3 el PVEM apoye\u201d.<\/p>\n","protected":false},"excerpt":{"rendered":"<p>El titular de la Secretar\u00eda de Medio Ambiente y Recursos Naturales, (Semarnat), Rafael Pacchiano Alam\u00e1n, indic\u00f3 que en el mes diciembre se presentar\u00e1 la Estrategia Nacional de Calidad del Aire.<\/p>\n","protected":false},"author":1,"featured_media":285824,"comment_status":"open","ping_status":"open","sticky":false,"template":"","format":"standard","meta":{"_monsterinsights_skip_tracking":false,"_monsterinsights_sitenote_active":false,"_monsterinsights_sitenote_note":"","_monsterinsights_sitenote_category":0,"footnotes":""},"categories":[6],"tags":[204,4880,47113,539],"class_list":["post-285823","post","type-post","status-publish","format-standard","has-post-thumbnail","hentry","category-cd-de-mexico","tag-ciudad-de-mexico","tag-partido-verde-ecologista-de-mexico","tag-rafael-pacchiano-alaman","tag-semarnat"],"_links":{"self":[{"href":"https:\/\/www.diarioimagen.net\/index.php?rest_route=\/wp\/v2\/posts\/285823","targetHints":{"allow":["GET"]}}],"collection":[{"href":"https:\/\/www.diarioimagen.net\/index.php?rest_route=\/wp\/v2\/posts"}],"about":[{"href":"https:\/\/www.diarioimagen.net\/index.php?rest_route=\/wp\/v2\/types\/post"}],"author":[{"embeddable":true,"href":"https:\/\/www.diarioimagen.net\/index.php?rest_route=\/wp\/v2\/users\/1"}],"replies":[{"embeddable":true,"href":"https:\/\/www.diarioimagen.net\/index.php?rest_route=%2Fwp%2Fv2%2Fcomments&post=285823"}],"version-history":[{"count":0,"href":"https:\/\/www.diarioimagen.net\/index.php?rest_route=\/wp\/v2\/posts\/285823\/revisions"}],"wp:featuredmedia":[{"embeddable":true,"href":"https:\/\/www.diarioimagen.net\/index.php?rest_route=\/wp\/v2\/media\/285824"}],"wp:attachment":[{"href":"https:\/\/www.diarioimagen.net\/index.php?rest_route=%2Fwp%2Fv2%2Fmedia&parent=285823"}],"wp:term":[{"taxonomy":"category","embeddable":true,"href":"https:\/\/www.diarioimagen.net\/index.php?rest_route=%2Fwp%2Fv2%2Fcategories&post=285823"},{"taxonomy":"post_tag","embeddable":true,"href":"https:\/\/www.diarioimagen.net\/index.php?rest_route=%2Fwp%2Fv2%2Ftags&post=285823"}],"curies":[{"name":"wp","href":"https:\/\/api.w.org\/{rel}","templated":true}]}}