{"id":285832,"date":"2016-08-25T00:09:24","date_gmt":"2016-08-25T05:09:24","guid":{"rendered":"http:\/\/www.diarioimagen.net\/?p=285832"},"modified":"2016-08-25T03:56:01","modified_gmt":"2016-08-25T08:56:01","slug":"juez-vincula-a-proceso-allord-audi-de-coyoacan","status":"publish","type":"post","link":"https:\/\/www.diarioimagen.net\/?p=285832","title":{"rendered":"Juez vincula a proceso\u00a0al<i>#Lord Audi<\/i> de Coyoac\u00e1n"},"content":{"rendered":"<ul>\n<li><em><b>Por robo y da\u00f1o en propiedad ajena<\/b><\/em><\/li>\n<\/ul>\n<p>&nbsp;<\/p>\n<div id=\"attachment_285833\" style=\"width: 430px\" class=\"wp-caption aligncenter\"><a href=\"http:\/\/www.diarioimagen.net\/?attachment_id=285833\" rel=\"attachment wp-att-285833\"><img loading=\"lazy\" decoding=\"async\" aria-describedby=\"caption-attachment-285833\" class=\"size-large wp-image-285833\" src=\"http:\/\/www.diarioimagen.net\/wp-content\/uploads\/2016\/08\/AUDI-2940-420x236.jpg\" alt=\"Un juez vincul\u00f3 a proceso penal a Rafael M\u00e1rquez Gasper\u00edn por los delitos de da\u00f1o, robo y resistencia de particulares.\" width=\"420\" height=\"236\" srcset=\"https:\/\/www.diarioimagen.net\/wp-content\/uploads\/2016\/08\/AUDI-2940-420x236.jpg 420w, https:\/\/www.diarioimagen.net\/wp-content\/uploads\/2016\/08\/AUDI-2940-240x135.jpg 240w, https:\/\/www.diarioimagen.net\/wp-content\/uploads\/2016\/08\/AUDI-2940-235x132.jpg 235w, https:\/\/www.diarioimagen.net\/wp-content\/uploads\/2016\/08\/AUDI-2940-202x114.jpg 202w, https:\/\/www.diarioimagen.net\/wp-content\/uploads\/2016\/08\/AUDI-2940-350x196.jpg 350w, https:\/\/www.diarioimagen.net\/wp-content\/uploads\/2016\/08\/AUDI-2940-220x123.jpg 220w, https:\/\/www.diarioimagen.net\/wp-content\/uploads\/2016\/08\/AUDI-2940-237x132.jpg 237w, https:\/\/www.diarioimagen.net\/wp-content\/uploads\/2016\/08\/AUDI-2940.jpg 480w\" sizes=\"auto, (max-width: 420px) 100vw, 420px\" \/><\/a><p id=\"caption-attachment-285833\" class=\"wp-caption-text\">Un juez vincul\u00f3 a proceso penal a Rafael M\u00e1rquez Gasper\u00edn por los delitos de da\u00f1o, robo y resistencia de particulares.<\/p><\/div>\n<p>&nbsp;<\/p>\n<p>El juez de Control, Edgar Agust\u00edn Rodr\u00edguez Beiza, del Tribunal Superior de Justicia de la Ciudad de M\u00e9xico (TSJCDMX), vincul\u00f3 a proceso a \u201cLord Audi\u201d, de nombre Rafael M\u00e1rquez Gasper\u00edn, por los delitos de robo, da\u00f1o a la propiedad doloso y resistencia de particulares.<\/p>\n<p>Se trata del conductor de un Audi que agredi\u00f3 el 27 de julio en la colonia Del Valle a un ciclista, a un polic\u00eda y al escapar se llev\u00f3 bajo su auto una Ecobici hasta su casa.<\/p>\n<p>En una audiencia de casi dos horas, el impartidor de justicia prohibi\u00f3 a M\u00e1rquez conducir su auto, acercarse a ciclov\u00edas, salir del pa\u00eds o intentar comunicarse con su v\u00edctima, Ari Santill\u00e1n, o con los testigos de la agresi\u00f3n.<\/p>\n<p>El Ministerio P\u00fablico, durante la audiencia imput\u00f3 los citados delitos al automovilista, y posteriormente solicit\u00f3 al impartidor de justicia su vinculaci\u00f3n a proceso.<\/p>\n<p>El juez Rodr\u00edguez Beiza consider\u00f3 que hallaba indicios razonables y suficientes que le permit\u00edan suponer que los hechos imputados por el Ministerio P\u00fablico hab\u00edan ocurrido, y que por lo tanto vinculaba a proceso a M\u00e1rquez Gasper\u00edn.<\/p>\n<p>Posteriormente, el juez impuso al imputado las siguientes medidas cautelares: presentaci\u00f3n peri\u00f3dica semanal ante la Unidad de Medidas Cautelares del TSJCDMX, exhibici\u00f3n de una garant\u00eda econ\u00f3mica en efectivo por la cantidad de 8 mil pesos, que deber\u00e1 exhibir en un plazo de tres d\u00edas h\u00e1biles.<\/p>\n<p>Adem\u00e1s, la prohibici\u00f3n de salir del pa\u00eds; la prohibici\u00f3n de acercarse al domicilio de la v\u00edctima y dos testigos de los hechos, as\u00ed como de comunicarse con ellos, y la prohibici\u00f3n de acercarse a cualquier ciclov\u00eda o lugar destinado al tr\u00e1nsito de bicicletas.<\/p>\n<p>Asimismo, el juez tambi\u00e9n impuso al imputado la restricci\u00f3n de conducir cualquier tipo de veh\u00edculo durante el tiempo que dure el proceso.<\/p>\n<p>El juez de control fij\u00f3 un periodo de cuatro meses para la conclusi\u00f3n de la investigaci\u00f3n complementaria.<\/p>\n<p>La defensa del imputado, al final de la audiencia, solicit\u00f3 al juez de control la suspensi\u00f3n del proceso durante 30 d\u00edas, a fin de proponer a la v\u00edctima una salida alterna al proceso.<\/p>\n<p>Sin embargo, la v\u00edctima, as\u00ed como la representaci\u00f3n legal de la Secretar\u00eda de Medio Ambiente del gobierno de la Ciudad de M\u00e9xico, rechazaron una salida alterna, por lo que qued\u00f3 sin efecto la propuesta de la defensa.<\/p>\n<p>&nbsp;<\/p>\n","protected":false},"excerpt":{"rendered":"<p>El juez de Control, Edgar Agust\u00edn Rodr\u00edguez Beiza, del Tribunal Superior de Justicia de la Ciudad de M\u00e9xico (TSJCDMX), vincul\u00f3 a proceso a \u201cLord Audi\u201d, de nombre Rafael M\u00e1rquez Gasper\u00edn, por los delitos de robo, da\u00f1o a la propiedad doloso y resistencia de particulares.<\/p>\n","protected":false},"author":1,"featured_media":285833,"comment_status":"open","ping_status":"open","sticky":false,"template":"","format":"standard","meta":{"_monsterinsights_skip_tracking":false,"_monsterinsights_sitenote_active":false,"_monsterinsights_sitenote_note":"","_monsterinsights_sitenote_category":0,"footnotes":""},"categories":[6],"tags":[204,51325],"class_list":["post-285832","post","type-post","status-publish","format-standard","has-post-thumbnail","hentry","category-cd-de-mexico","tag-ciudad-de-mexico","tag-tsjcdmx"],"_links":{"self":[{"href":"https:\/\/www.diarioimagen.net\/index.php?rest_route=\/wp\/v2\/posts\/285832","targetHints":{"allow":["GET"]}}],"collection":[{"href":"https:\/\/www.diarioimagen.net\/index.php?rest_route=\/wp\/v2\/posts"}],"about":[{"href":"https:\/\/www.diarioimagen.net\/index.php?rest_route=\/wp\/v2\/types\/post"}],"author":[{"embeddable":true,"href":"https:\/\/www.diarioimagen.net\/index.php?rest_route=\/wp\/v2\/users\/1"}],"replies":[{"embeddable":true,"href":"https:\/\/www.diarioimagen.net\/index.php?rest_route=%2Fwp%2Fv2%2Fcomments&post=285832"}],"version-history":[{"count":0,"href":"https:\/\/www.diarioimagen.net\/index.php?rest_route=\/wp\/v2\/posts\/285832\/revisions"}],"wp:featuredmedia":[{"embeddable":true,"href":"https:\/\/www.diarioimagen.net\/index.php?rest_route=\/wp\/v2\/media\/285833"}],"wp:attachment":[{"href":"https:\/\/www.diarioimagen.net\/index.php?rest_route=%2Fwp%2Fv2%2Fmedia&parent=285832"}],"wp:term":[{"taxonomy":"category","embeddable":true,"href":"https:\/\/www.diarioimagen.net\/index.php?rest_route=%2Fwp%2Fv2%2Fcategories&post=285832"},{"taxonomy":"post_tag","embeddable":true,"href":"https:\/\/www.diarioimagen.net\/index.php?rest_route=%2Fwp%2Fv2%2Ftags&post=285832"}],"curies":[{"name":"wp","href":"https:\/\/api.w.org\/{rel}","templated":true}]}}