{"id":285837,"date":"2016-08-25T00:06:42","date_gmt":"2016-08-25T05:06:42","guid":{"rendered":"http:\/\/www.diarioimagen.net\/?p=285837"},"modified":"2016-08-26T05:01:25","modified_gmt":"2016-08-26T10:01:25","slug":"presume-mancera-estrategia-antiacoso","status":"publish","type":"post","link":"https:\/\/www.diarioimagen.net\/?p=285837","title":{"rendered":"Presume Mancera\u00a0estrategia antiacoso"},"content":{"rendered":"<ul>\n<li><em><b>Lanzan app \u201cVive segura\u201d<\/b><\/em><\/li>\n<\/ul>\n<p>&nbsp;<\/p>\n<div id=\"attachment_285838\" style=\"width: 430px\" class=\"wp-caption aligncenter\"><a href=\"http:\/\/www.diarioimagen.net\/?attachment_id=285838\" rel=\"attachment wp-att-285838\"><img loading=\"lazy\" decoding=\"async\" aria-describedby=\"caption-attachment-285838\" class=\"size-large wp-image-285838\" src=\"http:\/\/www.diarioimagen.net\/wp-content\/uploads\/2016\/08\/mancera-2940-420x280.jpg\" alt=\"Miguel \u00c1ngel Mancera present\u00f3 los avances en su estrategia para garantizar seguridad a las mujeres.\" width=\"420\" height=\"280\" srcset=\"https:\/\/www.diarioimagen.net\/wp-content\/uploads\/2016\/08\/mancera-2940-420x280.jpg 420w, https:\/\/www.diarioimagen.net\/wp-content\/uploads\/2016\/08\/mancera-2940-240x160.jpg 240w, https:\/\/www.diarioimagen.net\/wp-content\/uploads\/2016\/08\/mancera-2940.jpg 700w\" sizes=\"auto, (max-width: 420px) 100vw, 420px\" \/><\/a><p id=\"caption-attachment-285838\" class=\"wp-caption-text\">Miguel \u00c1ngel Mancera present\u00f3 los avances en su estrategia para garantizar seguridad a las mujeres.<\/p><\/div>\n<p>&nbsp;<\/p>\n<p>El gobierno capitalino present\u00f3 los avances en su estrategia para garantizar seguridad a las mujeres, con el lanzamiento de la app \u201cVive segura\u201d.<\/p>\n<p>Con la presencia de la representante de ONU Mujeres en M\u00e9xico, Ana G\u00fcezmes, el jefe de gobierno, Miguel \u00c1ngel Mancera, explic\u00f3 que la aplicaci\u00f3n est\u00e1 disponible actualmente para tel\u00e9fonos Android, pero en 20 d\u00edas tambi\u00e9n estar\u00e1 en iOS.<\/p>\n<p>La herramienta permite a las v\u00edctimas de acoso pedir ayuda policial, al tiempo que permitir\u00e1 a las autoridades mapear d\u00f3nde hay lugares inseguros y sin alumbrado.<\/p>\n<p>Mediante sus denuncias, las autoridades conocer\u00e1n con mayor precisi\u00f3n cu\u00e1les son las zonas m\u00e1s peligrosas, los tipos de acoso y el perfil de los agresores a los que se enfrentan diariamente las capitalinas.<\/p>\n<p>Con anonimato garantizado, las usuarias podr\u00e1n emitir reportes de seguridad en vialidades, sitios y transporte p\u00fablicos (Metro, Metrob\u00fas, Troleb\u00fas, Tren Ligero, taxis y autobuses) y subir fotos, adem\u00e1s de realizar llamadas de emergencia en caso de agresi\u00f3n.<\/p>\n<p>En este caso, la aplicaci\u00f3n env\u00eda la ubicaci\u00f3n de la usuaria al C4 de la Polic\u00eda capitalina en tiempo real.<\/p>\n<p>Una vez recabada la informaci\u00f3n, se espera que el Inmujeres pueda enviar reportes a instancias como la Agencia de Gesti\u00f3n Urbana, las delegaciones y otras dependencias para implementar estrategias de prevenci\u00f3n en los sitios reportados.<\/p>\n<p>\u201cNosotros tenemos que garantizar un entorno seguro, eso es una tarea de gobierno, garantizar un entorno seguro para las ni\u00f1as y para las mujeres\u201d, enfatiz\u00f3 Mancera Espinosa.<\/p>\n<p>Como parte de la estrategia, tambi\u00e9n se han realizado 500 operativos en transporte p\u00fablico, dijo Mancera, y se han colocado botones de auxilio.<\/p>\n<p>\u201cYa hemos instalado y esto es otra cosa muy importante, 271 sistemas de videovigilancia en los sistemas M1, quiere decir que ya van incluso vigiladas nos solo con el bot\u00f3n de auxilio, sino van vigiladas en su trayecto\u201d, a\u00f1adi\u00f3.<\/p>\n<p>Sobre el silbato antiacoso, Mancera dijo que despu\u00e9s de \u201cla efervescencia\u201d (en alusi\u00f3n al trending topic #ElPitoDeMancera), esta herramienta fue aceptada y a la fecha han entregado 39 mil y tienen 100 mil m\u00e1s para entregar.<\/p>\n<p style=\"text-align: center;\"><b>Ciudad de M\u00e9xico, en solidaridad con el pueblo italiano<\/b><\/p>\n<p>El jefe de gobierno capitalino expres\u00f3 sus condolencias a las v\u00edctimas del terremoto de 6.2 grados Richter ocurrido la madrugada de ayer en el centro de Italia.<\/p>\n<p>\u201cDesde la #CDMX nos unimos con el pueblo italiano en este dif\u00edcil momento. Nuestras condolencias a las familias de las v\u00edctimas #mm\u201d, escribi\u00f3 en su cuenta de Twitter.<\/p>\n<p>&nbsp;<\/p>\n","protected":false},"excerpt":{"rendered":"<p>El gobierno capitalino present\u00f3 los avances en su estrategia para garantizar seguridad a las mujeres, con el lanzamiento de la app \u201cVive segura\u201d.<\/p>\n","protected":false},"author":1,"featured_media":285838,"comment_status":"open","ping_status":"open","sticky":false,"template":"","format":"standard","meta":{"_monsterinsights_skip_tracking":false,"_monsterinsights_sitenote_active":false,"_monsterinsights_sitenote_note":"","_monsterinsights_sitenote_category":0,"footnotes":""},"categories":[6],"tags":[34444,204],"class_list":["post-285837","post","type-post","status-publish","format-standard","has-post-thumbnail","hentry","category-cd-de-mexico","tag-cdmx","tag-ciudad-de-mexico"],"_links":{"self":[{"href":"https:\/\/www.diarioimagen.net\/index.php?rest_route=\/wp\/v2\/posts\/285837","targetHints":{"allow":["GET"]}}],"collection":[{"href":"https:\/\/www.diarioimagen.net\/index.php?rest_route=\/wp\/v2\/posts"}],"about":[{"href":"https:\/\/www.diarioimagen.net\/index.php?rest_route=\/wp\/v2\/types\/post"}],"author":[{"embeddable":true,"href":"https:\/\/www.diarioimagen.net\/index.php?rest_route=\/wp\/v2\/users\/1"}],"replies":[{"embeddable":true,"href":"https:\/\/www.diarioimagen.net\/index.php?rest_route=%2Fwp%2Fv2%2Fcomments&post=285837"}],"version-history":[{"count":0,"href":"https:\/\/www.diarioimagen.net\/index.php?rest_route=\/wp\/v2\/posts\/285837\/revisions"}],"wp:featuredmedia":[{"embeddable":true,"href":"https:\/\/www.diarioimagen.net\/index.php?rest_route=\/wp\/v2\/media\/285838"}],"wp:attachment":[{"href":"https:\/\/www.diarioimagen.net\/index.php?rest_route=%2Fwp%2Fv2%2Fmedia&parent=285837"}],"wp:term":[{"taxonomy":"category","embeddable":true,"href":"https:\/\/www.diarioimagen.net\/index.php?rest_route=%2Fwp%2Fv2%2Fcategories&post=285837"},{"taxonomy":"post_tag","embeddable":true,"href":"https:\/\/www.diarioimagen.net\/index.php?rest_route=%2Fwp%2Fv2%2Ftags&post=285837"}],"curies":[{"name":"wp","href":"https:\/\/api.w.org\/{rel}","templated":true}]}}