{"id":285854,"date":"2016-08-25T00:06:30","date_gmt":"2016-08-25T05:06:30","guid":{"rendered":"http:\/\/www.diarioimagen.net\/?p=285854"},"modified":"2016-08-26T05:42:59","modified_gmt":"2016-08-26T10:42:59","slug":"manifestacion-y-bloqueo","status":"publish","type":"post","link":"https:\/\/www.diarioimagen.net\/?p=285854","title":{"rendered":"Manifestaci\u00f3n y bloqueo"},"content":{"rendered":"<h2>Detr\u00e1s del Poder<\/h2>\n<h5>Jos\u00e9 Antonio L\u00f3pez Sosa<\/h5>\n<p>&nbsp;<\/p>\n<p>Se trata de dos cosas completamente distintas, una es manifestarse en las calles para protestar por alguna causa, principalmente contra el gobierno y la otra, es violar de forma sistem\u00e1tica el derecho de libre tr\u00e1nsito de las personas, so pretexto de la misma causa.<\/p>\n<p>Evidentemente cuando un grupo de personas sale a manifestarse a las calles o caminos, existe un bloqueo temporal mientras el contingente camina y se desplaza de su origen al destino, por lo general puede ser unos minutos o unas horas, luego entonces se reestablece la circulaci\u00f3n \u2013sea vial o peatonal\u2014de manera regular.<\/p>\n<p>En el caso de los bloqueos se impide de forma permanente esta circulaci\u00f3n, atentando contra el derecho de libre tr\u00e1nsito de las personas y con efectos por dem\u00e1s lesivos para los dem\u00e1s ciudadanos.<\/p>\n<p>Traemos en esta columna este tema porque frecuentemente confundimos manifestaciones y bloqueos, o los consideramos casi sin\u00f3nimos.<\/p>\n<p>Me parece que la libre manifestaci\u00f3n es un derecho fundamental en una sociedad democr\u00e1tica, lo mismo que el derecho al libre tr\u00e1nsito que se ve violentado con un bloqueo.<\/p>\n<p>Una manifestaci\u00f3n en efecto, representa un bloqueo temporal, pero es precisamente ese tiempo y espacio moment\u00e1neo, sin que se prolongue alevosamente por horas o d\u00edas como el caso de los bloqueos callejeros o carreteros.<\/p>\n<p>La legislaci\u00f3n es clara y no necesitamos m\u00e1s, quien bloquea \u2013sea la polic\u00eda o las personas\u2014, deben ser removidas, quienes se manifiestan deben ser respetados.<\/p>\n<p>El gobierno en sus diferentes niveles es quien suele confundirnos de acuerdo a su inter\u00e9s pol\u00edtico con relaci\u00f3n a los manifestantes o bloqueadores, sin son amigos justicia y gracia, si son enemigos, justicia a ciegas y mano dura. Lamentable.<\/p>\n<p style=\"text-align: center;\"><b>USO POL\u00cdTICO\u00a0<\/b><b>DEL RTP<\/b><\/p>\n<p>Hablando de manifestaciones, luego de la movilizaci\u00f3n del viernes pasado en perif\u00e9rico por vecinos de la agrupaci\u00f3n La Angostura, AC, el gobierno de la ciudad decidi\u00f3 cancelar por un par de d\u00edas el servicio RTP que corre precisamente por aquella colonia. Hasta con eso castigan, \u00a1qu\u00e9 tal!<\/p>\n<p><em><a href=\"http:\/\/www.lopezsosa.com\" target=\"_blank\">www.lopezsosa.com<\/a><\/em><br \/>\n<em><a href=\"mailto:joseantonio@lopezsosa.com\" target=\"_blank\">joseantonio@lopezsosa.com<\/a><\/em><br \/>\n<em><a href=\"http:\/\/twitter.com\/joseantonio1977\" target=\"_blank\">@joseantonio197<\/a><\/em><\/p>\n","protected":false},"excerpt":{"rendered":"<p><span style=\"color: #005497;\"><strong>Jos\u00e9 Antonio L\u00f3pez Sosa<\/strong><\/span><\/p>\n","protected":false},"author":1,"featured_media":0,"comment_status":"open","ping_status":"open","sticky":false,"template":"","format":"standard","meta":{"_monsterinsights_skip_tracking":false,"_monsterinsights_sitenote_active":false,"_monsterinsights_sitenote_note":"","_monsterinsights_sitenote_category":0,"footnotes":""},"categories":[637],"tags":[638,43690,43674],"class_list":["post-285854","post","type-post","status-publish","format-standard","hentry","category-jose-antonio-lopez-sosa","tag-detras-del-poder","tag-jose-antonio-lopez-sosa","tag-opinion"],"_links":{"self":[{"href":"https:\/\/www.diarioimagen.net\/index.php?rest_route=\/wp\/v2\/posts\/285854","targetHints":{"allow":["GET"]}}],"collection":[{"href":"https:\/\/www.diarioimagen.net\/index.php?rest_route=\/wp\/v2\/posts"}],"about":[{"href":"https:\/\/www.diarioimagen.net\/index.php?rest_route=\/wp\/v2\/types\/post"}],"author":[{"embeddable":true,"href":"https:\/\/www.diarioimagen.net\/index.php?rest_route=\/wp\/v2\/users\/1"}],"replies":[{"embeddable":true,"href":"https:\/\/www.diarioimagen.net\/index.php?rest_route=%2Fwp%2Fv2%2Fcomments&post=285854"}],"version-history":[{"count":0,"href":"https:\/\/www.diarioimagen.net\/index.php?rest_route=\/wp\/v2\/posts\/285854\/revisions"}],"wp:attachment":[{"href":"https:\/\/www.diarioimagen.net\/index.php?rest_route=%2Fwp%2Fv2%2Fmedia&parent=285854"}],"wp:term":[{"taxonomy":"category","embeddable":true,"href":"https:\/\/www.diarioimagen.net\/index.php?rest_route=%2Fwp%2Fv2%2Fcategories&post=285854"},{"taxonomy":"post_tag","embeddable":true,"href":"https:\/\/www.diarioimagen.net\/index.php?rest_route=%2Fwp%2Fv2%2Ftags&post=285854"}],"curies":[{"name":"wp","href":"https:\/\/api.w.org\/{rel}","templated":true}]}}