{"id":285889,"date":"2016-08-25T00:07:57","date_gmt":"2016-08-25T05:07:57","guid":{"rendered":"http:\/\/www.diarioimagen.net\/?p=285889"},"modified":"2016-08-25T05:22:54","modified_gmt":"2016-08-25T10:22:54","slug":"intensifican-reforestacion-en-colonias-de-huixquilucan","status":"publish","type":"post","link":"https:\/\/www.diarioimagen.net\/?p=285889","title":{"rendered":"Intensifican reforestaci\u00f3n\u00a0en colonias de Huixquilucan"},"content":{"rendered":"<ul>\n<li><em><b>Han sembrado m\u00e1s de 42 mil \u00e1rboles<\/b><\/em><\/li>\n<\/ul>\n<p>&nbsp;<\/p>\n<div id=\"attachment_285890\" style=\"width: 430px\" class=\"wp-caption aligncenter\"><a href=\"http:\/\/www.diarioimagen.net\/?attachment_id=285890\" rel=\"attachment wp-att-285890\"><img loading=\"lazy\" decoding=\"async\" aria-describedby=\"caption-attachment-285890\" class=\"size-large wp-image-285890\" src=\"http:\/\/www.diarioimagen.net\/wp-content\/uploads\/2016\/08\/HUIXQUILUCAN-2940-420x236.jpg\" alt=\"Se llevan a cabo jornadas de reforestaci\u00f3n en comunidades, como \u00a0San Francisco Ayotuxco, Magdalena Chichicaspa, El Cerrito y San Mart\u00edn.\" width=\"420\" height=\"236\" srcset=\"https:\/\/www.diarioimagen.net\/wp-content\/uploads\/2016\/08\/HUIXQUILUCAN-2940-420x236.jpg 420w, https:\/\/www.diarioimagen.net\/wp-content\/uploads\/2016\/08\/HUIXQUILUCAN-2940-240x135.jpg 240w, https:\/\/www.diarioimagen.net\/wp-content\/uploads\/2016\/08\/HUIXQUILUCAN-2940-235x132.jpg 235w, https:\/\/www.diarioimagen.net\/wp-content\/uploads\/2016\/08\/HUIXQUILUCAN-2940-202x114.jpg 202w, https:\/\/www.diarioimagen.net\/wp-content\/uploads\/2016\/08\/HUIXQUILUCAN-2940-350x196.jpg 350w, https:\/\/www.diarioimagen.net\/wp-content\/uploads\/2016\/08\/HUIXQUILUCAN-2940-220x123.jpg 220w, https:\/\/www.diarioimagen.net\/wp-content\/uploads\/2016\/08\/HUIXQUILUCAN-2940-237x132.jpg 237w, https:\/\/www.diarioimagen.net\/wp-content\/uploads\/2016\/08\/HUIXQUILUCAN-2940.jpg 480w\" sizes=\"auto, (max-width: 420px) 100vw, 420px\" \/><\/a><p id=\"caption-attachment-285890\" class=\"wp-caption-text\">Se llevan a cabo jornadas de reforestaci\u00f3n en comunidades, como \u00a0San Francisco Ayotuxco, Magdalena Chichicaspa, El Cerrito y San Mart\u00edn.<\/p><\/div>\n<p>&nbsp;<\/p>\n<p><strong>Huixquilucan, Estado de M\u00e9xico.-<\/strong> El gobierno local ha entregado y sembrado m\u00e1s de 42 mil \u00e1rboles, mismos que han servido para reforestar bosques, escuelas y diversas comunidades de la localidad, a efecto de contar con m\u00e1s y mejores \u00e1reas verdes en pro del medio ambiente.<\/p>\n<p>El director de Desarrollo Agropecuario y Forestal, Cris\u00f3foro Guti\u00e9rrez Nava, coment\u00f3 que por instrucciones del presidente municipal, Enrique Vargas del Villar, personal de la Subdirecci\u00f3n Forestal y vecinos llevan a cabo jornadas de reforestaci\u00f3n en comunidades, como \u00a0San Francisco Ayotuxco, Magdalena Chichicaspa, El Cerrito y San Mart\u00edn, adem\u00e1s de los parajes El Ocotal, La Unidad y San Bartolo Coatepec, entre otros.<\/p>\n<p>En tanto, el \u00e1rea forestal ha donado m\u00e1s de 22 mil \u00e1rboles a vecinos que los solicitan, quienes los plantan en sus terrenos o jardines y se comprometen a su cuidado.<\/p>\n<p>Las personas o instituciones educativas que deseen un \u00e1rbol lo pueden solicitar a la Subdirecci\u00f3n Forestal, donde se programar\u00e1 la donaci\u00f3n y en un lapso no mayor a cinco d\u00edas lo podr\u00e1n recoger en el vivero ubicado en el paraje La Mesa, en la comunidad de San Juan Bautista.<\/p>\n<p>Entre las especies que se entregan destacan: pino greggy, cipr\u00e9s, trueno, \u00e1lamo plateado, palma datilera, palma abanico, fresno, jacaranda, pino pi\u00f1onero y oyamel. Cabe destacar que esta \u00faltima especie s\u00f3lo se planta en zonas altas.<\/p>\n<p>Es importante se\u00f1alar que para las labores de reforestaci\u00f3n se tiene una coordinaci\u00f3n con las regidur\u00edas del ayuntamiento, ya que los integrantes del cuerpo edilicio han participado y encabezado estas actividades en algunas comunidades.<\/p>\n<p>&nbsp;<\/p>\n","protected":false},"excerpt":{"rendered":"<p>El gobierno local ha entregado y sembrado m\u00e1s de 42 mil \u00e1rboles, mismos que han servido para reforestar bosques, escuelas y diversas comunidades de la localidad, a efecto de contar con m\u00e1s y mejores \u00e1reas verdes en pro del medio ambiente.<\/p>\n","protected":false},"author":1,"featured_media":285890,"comment_status":"open","ping_status":"open","sticky":false,"template":"","format":"standard","meta":{"_monsterinsights_skip_tracking":false,"_monsterinsights_sitenote_active":false,"_monsterinsights_sitenote_note":"","_monsterinsights_sitenote_category":0,"footnotes":""},"categories":[35155],"tags":[43675,1097],"class_list":["post-285889","post","type-post","status-publish","format-standard","has-post-thumbnail","hentry","category-estado-de-mexico-estado-de-mexico","tag-estado-de-mexico","tag-huixquilucan"],"_links":{"self":[{"href":"https:\/\/www.diarioimagen.net\/index.php?rest_route=\/wp\/v2\/posts\/285889","targetHints":{"allow":["GET"]}}],"collection":[{"href":"https:\/\/www.diarioimagen.net\/index.php?rest_route=\/wp\/v2\/posts"}],"about":[{"href":"https:\/\/www.diarioimagen.net\/index.php?rest_route=\/wp\/v2\/types\/post"}],"author":[{"embeddable":true,"href":"https:\/\/www.diarioimagen.net\/index.php?rest_route=\/wp\/v2\/users\/1"}],"replies":[{"embeddable":true,"href":"https:\/\/www.diarioimagen.net\/index.php?rest_route=%2Fwp%2Fv2%2Fcomments&post=285889"}],"version-history":[{"count":0,"href":"https:\/\/www.diarioimagen.net\/index.php?rest_route=\/wp\/v2\/posts\/285889\/revisions"}],"wp:featuredmedia":[{"embeddable":true,"href":"https:\/\/www.diarioimagen.net\/index.php?rest_route=\/wp\/v2\/media\/285890"}],"wp:attachment":[{"href":"https:\/\/www.diarioimagen.net\/index.php?rest_route=%2Fwp%2Fv2%2Fmedia&parent=285889"}],"wp:term":[{"taxonomy":"category","embeddable":true,"href":"https:\/\/www.diarioimagen.net\/index.php?rest_route=%2Fwp%2Fv2%2Fcategories&post=285889"},{"taxonomy":"post_tag","embeddable":true,"href":"https:\/\/www.diarioimagen.net\/index.php?rest_route=%2Fwp%2Fv2%2Ftags&post=285889"}],"curies":[{"name":"wp","href":"https:\/\/api.w.org\/{rel}","templated":true}]}}