{"id":285892,"date":"2016-08-25T00:06:56","date_gmt":"2016-08-25T05:06:56","guid":{"rendered":"http:\/\/www.diarioimagen.net\/?p=285892"},"modified":"2016-08-25T05:24:51","modified_gmt":"2016-08-25T10:24:51","slug":"remiten-a-comisiones-propuesta-de-sistema-estatal-anticorrupcion","status":"publish","type":"post","link":"https:\/\/www.diarioimagen.net\/?p=285892","title":{"rendered":"Remiten a comisiones propuesta\u00a0de sistema estatal anticorrupci\u00f3n"},"content":{"rendered":"<ul>\n<li><em><b>Legislatura mexiquense<\/b><\/em><\/li>\n<\/ul>\n<p>&nbsp;<\/p>\n<div id=\"attachment_285893\" style=\"width: 430px\" class=\"wp-caption aligncenter\"><a href=\"http:\/\/www.diarioimagen.net\/?attachment_id=285893\" rel=\"attachment wp-att-285893\"><img loading=\"lazy\" decoding=\"async\" aria-describedby=\"caption-attachment-285893\" class=\"size-large wp-image-285893\" src=\"http:\/\/www.diarioimagen.net\/wp-content\/uploads\/2016\/08\/LEGISLATURA-2940-420x236.jpg\" alt=\"La Diputaci\u00f3n Permanente recibi\u00f3 la iniciativa del gobernador Eruviel \u00c1vila, que establece tambi\u00e9n la responsabilidad del estado ante da\u00f1os causados a particulares y crea el Tribunal de Justicia Administrativa.\" width=\"420\" height=\"236\" srcset=\"https:\/\/www.diarioimagen.net\/wp-content\/uploads\/2016\/08\/LEGISLATURA-2940-420x236.jpg 420w, https:\/\/www.diarioimagen.net\/wp-content\/uploads\/2016\/08\/LEGISLATURA-2940-240x135.jpg 240w, https:\/\/www.diarioimagen.net\/wp-content\/uploads\/2016\/08\/LEGISLATURA-2940-235x132.jpg 235w, https:\/\/www.diarioimagen.net\/wp-content\/uploads\/2016\/08\/LEGISLATURA-2940-202x114.jpg 202w, https:\/\/www.diarioimagen.net\/wp-content\/uploads\/2016\/08\/LEGISLATURA-2940-350x196.jpg 350w, https:\/\/www.diarioimagen.net\/wp-content\/uploads\/2016\/08\/LEGISLATURA-2940-220x123.jpg 220w, https:\/\/www.diarioimagen.net\/wp-content\/uploads\/2016\/08\/LEGISLATURA-2940-237x132.jpg 237w, https:\/\/www.diarioimagen.net\/wp-content\/uploads\/2016\/08\/LEGISLATURA-2940.jpg 480w\" sizes=\"auto, (max-width: 420px) 100vw, 420px\" \/><\/a><p id=\"caption-attachment-285893\" class=\"wp-caption-text\">La Diputaci\u00f3n Permanente recibi\u00f3 la iniciativa del gobernador Eruviel \u00c1vila, que establece tambi\u00e9n la responsabilidad del estado ante da\u00f1os causados a particulares y crea el Tribunal de Justicia Administrativa.<\/p><\/div>\n<p>&nbsp;<\/p>\n<p><strong>Toluca, Estado de M\u00e9xico.-<\/strong> Crear el Sistema Estatal y Municipal Anticorrupci\u00f3n, actualizar el marco jur\u00eddico en materia de responsabilidad del estado ante da\u00f1os y perjuicios causados a los particulares por irregularidades en sus acciones y transformar el Tribunal de lo Contencioso Administrativo en Tribunal de Justicia Administrativa, son objetivos de la iniciativa remitida a comisiones de la 59 Legislatura mexiquense y propuesta por el gobernador Eruviel \u00c1vila Villegas.<\/p>\n<p>En sesi\u00f3n de la Diputaci\u00f3n Permanente, presidida por el legislador Tassio Ram\u00edrez Hern\u00e1ndez (Verde Ecologista), la propuesta de reforma a la Constituci\u00f3n estatal fue remitida a las Comisiones de Gobernaci\u00f3n y Puntos Constitucionales y de Transparencia, Acceso a la Informaci\u00f3n P\u00fablica, Protecci\u00f3n de Datos Personales y de Combate a la Corrupci\u00f3n.<\/p>\n<p>El documento, le\u00eddo por el diputado Ignacio Beltr\u00e1n Garc\u00eda (PRI) refiere que la corrupci\u00f3n tiene consecuencias sociales, por lo que se requiere un entorno de seguridad y estado de Derecho.<\/p>\n<p>En este tenor, la iniciativa establece que los servidores p\u00fablicos tendr\u00e1n que presentar sus declaraciones de intereses, fiscal y patrimonial; sanciones severas por actos de corrupci\u00f3n as\u00ed como la creaci\u00f3n de la Fiscal\u00eda Especializada para Combatir la Corrupci\u00f3n y el Comit\u00e9 Coordinador del Sistema Estatal y Municipal Anticorrupci\u00f3n.<\/p>\n<p>Por otra parte, se\u00f1ala que para proteger la integridad y salvaguardar el patrimonio de los individuos respecto de la posible actividad administrativa irregular, resulta necesario el establecimiento del deber del estado de reparar las lesiones antijur\u00eddicas que cause.<\/p>\n<p>&nbsp;<\/p>\n","protected":false},"excerpt":{"rendered":"<p>Crear el Sistema Estatal y Municipal Anticorrupci\u00f3n, actualizar el marco jur\u00eddico en materia de responsabilidad del estado ante da\u00f1os y perjuicios causados a los particulares por irregularidades en sus acciones y transformar el Tribunal de lo Contencioso Administrativo en Tribunal de Justicia Administrativa, son objetivos de la iniciativa remitida a comisiones de la 59 Legislatura mexiquense y propuesta por el gobernador Eruviel \u00c1vila Villegas. <\/p>\n","protected":false},"author":1,"featured_media":285893,"comment_status":"open","ping_status":"open","sticky":false,"template":"","format":"standard","meta":{"_monsterinsights_skip_tracking":false,"_monsterinsights_sitenote_active":false,"_monsterinsights_sitenote_note":"","_monsterinsights_sitenote_category":0,"footnotes":""},"categories":[35155],"tags":[43675,6022],"class_list":["post-285892","post","type-post","status-publish","format-standard","has-post-thumbnail","hentry","category-estado-de-mexico-estado-de-mexico","tag-estado-de-mexico","tag-legislatura-mexiquense"],"_links":{"self":[{"href":"https:\/\/www.diarioimagen.net\/index.php?rest_route=\/wp\/v2\/posts\/285892","targetHints":{"allow":["GET"]}}],"collection":[{"href":"https:\/\/www.diarioimagen.net\/index.php?rest_route=\/wp\/v2\/posts"}],"about":[{"href":"https:\/\/www.diarioimagen.net\/index.php?rest_route=\/wp\/v2\/types\/post"}],"author":[{"embeddable":true,"href":"https:\/\/www.diarioimagen.net\/index.php?rest_route=\/wp\/v2\/users\/1"}],"replies":[{"embeddable":true,"href":"https:\/\/www.diarioimagen.net\/index.php?rest_route=%2Fwp%2Fv2%2Fcomments&post=285892"}],"version-history":[{"count":0,"href":"https:\/\/www.diarioimagen.net\/index.php?rest_route=\/wp\/v2\/posts\/285892\/revisions"}],"wp:featuredmedia":[{"embeddable":true,"href":"https:\/\/www.diarioimagen.net\/index.php?rest_route=\/wp\/v2\/media\/285893"}],"wp:attachment":[{"href":"https:\/\/www.diarioimagen.net\/index.php?rest_route=%2Fwp%2Fv2%2Fmedia&parent=285892"}],"wp:term":[{"taxonomy":"category","embeddable":true,"href":"https:\/\/www.diarioimagen.net\/index.php?rest_route=%2Fwp%2Fv2%2Fcategories&post=285892"},{"taxonomy":"post_tag","embeddable":true,"href":"https:\/\/www.diarioimagen.net\/index.php?rest_route=%2Fwp%2Fv2%2Ftags&post=285892"}],"curies":[{"name":"wp","href":"https:\/\/api.w.org\/{rel}","templated":true}]}}